{"id":1944,"date":"2023-05-30T08:52:37","date_gmt":"2023-05-30T08:52:37","guid":{"rendered":"http:\/\/www.chorwacki.com\/blog\/?p=1944"},"modified":"2026-03-30T16:02:37","modified_gmt":"2026-03-30T16:02:37","slug":"obchody-dnia-panstwowosci-w-chorwacji","status":"publish","type":"post","link":"https:\/\/www.chorwacki.com\/blog\/obchody-dnia-panstwowosci-w-chorwacji\/","title":{"rendered":"Obchody Dnia Pa\u0144stwowo\u015bci w Republice Chorwacji"},"content":{"rendered":"\n<div class=\"wp-block-group is-layout-constrained\">\n<figure class=\"wp-block-image alignright size-full is-resized\"><a href=\"http:\/\/www.chorwacki.com\/blog\/wp-content\/uploads\/2026\/03\/960px-Esalon_pripadnika_HRZ_Dan_drzavnosti.jpg\"><img decoding=\"async\" loading=\"lazy\" src=\"http:\/\/www.chorwacki.com\/blog\/wp-content\/uploads\/2026\/03\/960px-Esalon_pripadnika_HRZ_Dan_drzavnosti.jpg\" alt=\"I, Suradnik13, CC BY-SA 3.0, via Wikimedia Commons\" class=\"wp-image-4714\" width=\"431\" height=\"275\" srcset=\"https:\/\/www.chorwacki.com\/blog\/wp-content\/uploads\/2026\/03\/960px-Esalon_pripadnika_HRZ_Dan_drzavnosti.jpg 960w, https:\/\/www.chorwacki.com\/blog\/wp-content\/uploads\/2026\/03\/960px-Esalon_pripadnika_HRZ_Dan_drzavnosti-300x191.jpg 300w, https:\/\/www.chorwacki.com\/blog\/wp-content\/uploads\/2026\/03\/960px-Esalon_pripadnika_HRZ_Dan_drzavnosti-768x490.jpg 768w\" sizes=\"(max-width: 431px) 100vw, 431px\" \/><\/a><figcaption class=\"wp-element-caption\">Obchody Dnia Pa\u0144stwowo\u015bci w Republice Chorwacji <a href=\"https:\/\/commons.wikimedia.org\/wiki\/File:E%C5%A1alon_pripadnika_HRZ_(Dan_dr%C5%BEavnosti).jpg\">I, Suradnik13<\/a>, <a href=\"http:\/\/creativecommons.org\/licenses\/by-sa\/3.0\/\">CC BY-SA 3.0<\/a>, via Wikimedia Commons<\/figcaption><\/figure>\n\n\n\n<p class=\"has-text-align-left\">W dniu 30 maja obchodzony jest w Chorwacji Dzie\u0144 Pa\u0144stwowo\u015bci (po chorwacku Dan dr\u017eavnosti), kt\u00f3ry jest dniem wolnym od pracy. W okresie od 2002 do 2019 roku Dzie\u0144 Pa\u0144stwowo\u015bci obchodzono 25 czerwca. Data ta nawi\u0105zuje do 25 czerwca 1991 roku, kiedy to Chorwacja og\u0142osi\u0142a niepodleg\u0142o\u015b\u0107, po referendum, kt\u00f3re mia\u0142o miejsce w maju 1991 roku, w kt\u00f3rym niemal 95% Chorwat\u00f3w opowiedzia\u0142o si\u0119 za od\u0142\u0105czeniem od Jugos\u0142awii i utworzeniem niezale\u017cnego pa\u0144stwa chorwackiego.<br>Dni te by\u0142y jednocze\u015bnie pocz\u0105tkiem wej\u015bcia w stan wojny z Jugos\u0142awi\u0105 (w\u0142a\u015bciwie z Serbi\u0105). W r\u00f3\u017cnych cz\u0119\u015bciach kraju dosz\u0142o do intensywnych walk. Armia jugos\u0142owia\u0144ska mia\u0142a 180 tysi\u0119cy \u017co\u0142nierzy oraz ok. 2 tysi\u0105ce czo\u0142g\u00f3w, a pretekstem do interwencji wojskowej by\u0142o za\u0142agodzenie konflikt\u00f3w etnicznych. Po kilku tygodniach dzia\u0142a\u0144 wojennych Chorwacja zosta\u0142a nak\u0142oniona przez najwi\u0119ksze pa\u0144stwa Europy zachodniej do zawieszenia na trzy miesi\u0105ce deklaracji niepodleg\u0142o\u015bciowej. W tym czasie Serbowie zd\u0105\u017cyli wprowadzi\u0107 na teren Chorwacji wi\u0119ksze szeregi w\u0142asnego wojska i policji. W sierpniu 1991 roku Serbowie mieli pod kontrol\u0105 jedn\u0105 trzeci\u0105 teren\u00f3w pa\u0144stwa chorwackiego. Rozpocz\u0119\u0142y si\u0119 zakrojone na szerok\u0105 skal\u0119 ataki na terytorium Chorwacji, obejmuj\u0105ce wschodni\u0105 Slawoni\u0119 oraz Vukovar. Bitwa o Vukovar by\u0142a jednym z kulminacyjnych moment\u00f3w wojny. Miasta broni\u0142o niespe\u0142na 2 tysi\u0105ce lekko uzbrojonych \u017co\u0142nierzy chorwackiej Gwardii Narodowej i ochotnik\u00f3w, przeciwko kt\u00f3rym walczy\u0142o 36 tysi\u0119cy \u017co\u0142nierzy Jugos\u0142owia\u0144skiej Armii Ludowej wspieranej przez oddzia\u0142y paramilitarne. Vukovar sta\u0142 si\u0119 w\u00f3wczas pierwszym ca\u0142kowicie zniszczonym miastem w Europie po zako\u0144czeniu II wojny \u015bwiatowej. Dok\u0142adna liczba ofiar po stronie chorwackiej do dzi\u015b nie jest znana, ale wed\u0142ug niekt\u00f3rych szacunk\u00f3w by\u0142o to 3-4 tysi\u0119cy os\u00f3b, g\u0142\u00f3wnie cywili. Chorwaci przegrali wprawdzie bitw\u0119 o miasto, jednak po wojnie Vukovar wr\u00f3ci\u0142 pod chorwackie zwierzchnictwo.<br>Po trzech miesi\u0105cach zawieszenia deklaracji niepodleg\u0142o\u015bciowej, 8 pa\u017adziernika 1991 rok Chorwacja og\u0142osi\u0142a pe\u0142n\u0105 niepodleg\u0142o\u015b\u0107 i niezale\u017cno\u015b\u0107 od Jugos\u0142awii. Dzie\u0144 ten wsp\u00f3\u0142cze\u015bnie jest obchodzony jako \u015awi\u0119to Niepodleg\u0142o\u015bci.<br>Niepodleg\u0142o\u015b\u0107 Chorwacji uzna\u0142y najpierw Niemcy pod koniec 1991 roku, a w styczniu kolejne kraje, w tym Polska, Stany Zjednoczone oraz kraje Unii Europejskiej. R\u00f3wnie\u017c w styczniu 1992 roku nast\u0105pi\u0142o uznanie niepodleg\u0142o\u015bci przez Europejsk\u0105 Wsp\u00f3lnot\u0119 Gospodarcz\u0105. Sama wojna trwa\u0142a jednak a\u017c do sierpnia 1995 roku.<br>Szacuje si\u0119, \u017ce w wojna poch\u0142on\u0119\u0142a ponad 100 tysi\u0119cy ofiar, tysi\u0105ce ludzi opu\u015bci\u0142o swoje domy, wiele budynk\u00f3w zosta\u0142o zr\u00f3wnanych z ziemi\u0105.<br>Wojna ta, kt\u00f3ra mia\u0142a miejsce stosunkowo niedawno, pozostaje w pami\u0119ci chorwackiego spo\u0142ecze\u0144stwa, a wszelkie przejawy patriotyzmu s\u0105 bardzo mocno widoczne.<br>Z okazji dzisiejszego \u015bwi\u0119ta w ca\u0142ej Chorwacji odbywaj\u0105 si\u0119 obchody zwi\u0105zane z upami\u0119tnieniem wydarze\u0144 tamtych dni, koncerty, wyst\u0119py, odprawiane s\u0105 msze \u015bwi\u0119te. Budynki urz\u0119d\u00f3w i instytucji pa\u0144stwowych ozdabiane s\u0105 flagami, podobnie zwykli mieszka\u0144cy Chorwacji wywieszaj\u0105 flagi przy swoich domach i s\u0105 niezwykle dumni ze swojej ojczyzny i wolno\u015bci.<br>By\u0142y premier Chorwacji, Zoran Milanovi\u0107, powiedzia\u0142 o tych czasach \u201eZa to co mamy dzisiaj, ludzie oddali \u017cycie\u201d. To s\u0142owa, o kt\u00f3rych tak \u0142atwo zapomnie\u0107 w czasach pokoju\u2026Chorwaci nie zapominaj\u0105\u2026<\/p>\n<\/div>\n","protected":false},"excerpt":{"rendered":"<p>W dniu 30 maja obchodzony jest w Chorwacji Dzie\u0144 Pa\u0144stwowo\u015bci (po chorwacku Dan dr\u017eavnosti), kt\u00f3ry jest dniem wolnym od pracy.<\/p>\n","protected":false},"author":1,"featured_media":4714,"comment_status":"closed","ping_status":"open","sticky":false,"template":"","format":"standard","meta":[],"categories":[1595],"tags":[1628,1626,1627],"_links":{"self":[{"href":"https:\/\/www.chorwacki.com\/blog\/wp-json\/wp\/v2\/posts\/1944"}],"collection":[{"href":"https:\/\/www.chorwacki.com\/blog\/wp-json\/wp\/v2\/posts"}],"about":[{"href":"https:\/\/www.chorwacki.com\/blog\/wp-json\/wp\/v2\/types\/post"}],"author":[{"embeddable":true,"href":"https:\/\/www.chorwacki.com\/blog\/wp-json\/wp\/v2\/users\/1"}],"replies":[{"embeddable":true,"href":"https:\/\/www.chorwacki.com\/blog\/wp-json\/wp\/v2\/comments?post=1944"}],"version-history":[{"count":7,"href":"https:\/\/www.chorwacki.com\/blog\/wp-json\/wp\/v2\/posts\/1944\/revisions"}],"predecessor-version":[{"id":4719,"href":"https:\/\/www.chorwacki.com\/blog\/wp-json\/wp\/v2\/posts\/1944\/revisions\/4719"}],"wp:featuredmedia":[{"embeddable":true,"href":"https:\/\/www.chorwacki.com\/blog\/wp-json\/wp\/v2\/media\/4714"}],"wp:attachment":[{"href":"https:\/\/www.chorwacki.com\/blog\/wp-json\/wp\/v2\/media?parent=1944"}],"wp:term":[{"taxonomy":"category","embeddable":true,"href":"https:\/\/www.chorwacki.com\/blog\/wp-json\/wp\/v2\/categories?post=1944"},{"taxonomy":"post_tag","embeddable":true,"href":"https:\/\/www.chorwacki.com\/blog\/wp-json\/wp\/v2\/tags?post=1944"}],"curies":[{"name":"wp","href":"https:\/\/api.w.org\/{rel}","templated":true}]}}