{"id":4666,"date":"2026-02-19T08:08:10","date_gmt":"2026-02-19T08:08:10","guid":{"rendered":"https:\/\/www.chorwacki.com\/blog\/?p=4666"},"modified":"2026-03-30T17:27:00","modified_gmt":"2026-03-30T17:27:00","slug":"kalendarium-imprez-targowych-w-chorwacji-na-rok-2026","status":"publish","type":"post","link":"http:\/\/www.chorwacki.com\/blog\/kalendarium-imprez-targowych-w-chorwacji-na-rok-2026\/","title":{"rendered":"Kalendarium imprez targowych w Chorwacji na rok 2026"},"content":{"rendered":"<div id=\"ez-toc-container\" class=\"ez-toc-v2_0_48 counter-hierarchy ez-toc-counter ez-toc-grey ez-toc-container-direction\">\n<div class=\"ez-toc-title-container\">\n<p class=\"ez-toc-title\">Spis Tre\u015bci<\/p>\n<span class=\"ez-toc-title-toggle\"><a href=\"#\" class=\"ez-toc-pull-right ez-toc-btn ez-toc-btn-xs ez-toc-btn-default ez-toc-toggle\" aria-label=\"ez-toc-toggle-icon-1\"><label for=\"item-69ee592858f1c\" aria-label=\"Table of Content\"><span style=\"display: flex;align-items: center;width: 35px;height: 30px;justify-content: center;direction:ltr;\"><svg style=\"fill: #999;color:#999\" xmlns=\"http:\/\/www.w3.org\/2000\/svg\" class=\"list-377408\" width=\"20px\" height=\"20px\" viewBox=\"0 0 24 24\" fill=\"none\"><path d=\"M6 6H4v2h2V6zm14 0H8v2h12V6zM4 11h2v2H4v-2zm16 0H8v2h12v-2zM4 16h2v2H4v-2zm16 0H8v2h12v-2z\" fill=\"currentColor\"><\/path><\/svg><svg style=\"fill: #999;color:#999\" class=\"arrow-unsorted-368013\" xmlns=\"http:\/\/www.w3.org\/2000\/svg\" width=\"10px\" height=\"10px\" viewBox=\"0 0 24 24\" version=\"1.2\" baseProfile=\"tiny\"><path d=\"M18.2 9.3l-6.2-6.3-6.2 6.3c-.2.2-.3.4-.3.7s.1.5.3.7c.2.2.4.3.7.3h11c.3 0 .5-.1.7-.3.2-.2.3-.5.3-.7s-.1-.5-.3-.7zM5.8 14.7l6.2 6.3 6.2-6.3c.2-.2.3-.5.3-.7s-.1-.5-.3-.7c-.2-.2-.4-.3-.7-.3h-11c-.3 0-.5.1-.7.3-.2.2-.3.5-.3.7s.1.5.3.7z\"\/><\/svg><\/span><\/label><input  type=\"checkbox\" id=\"item-69ee592858f1c\"><\/a><\/span><\/div>\n<nav><ul class='ez-toc-list ez-toc-list-level-1 ' ><li class='ez-toc-page-1 ez-toc-heading-level-4'><a class=\"ez-toc-link ez-toc-heading-1\" href=\"http:\/\/www.chorwacki.com\/blog\/kalendarium-imprez-targowych-w-chorwacji-na-rok-2026\/#Targi_w_Zagrzebiu\" title=\"Targi w Zagrzebiu\">Targi w Zagrzebiu<\/a><\/li><li class='ez-toc-page-1 ez-toc-heading-level-4'><a class=\"ez-toc-link ez-toc-heading-2\" href=\"http:\/\/www.chorwacki.com\/blog\/kalendarium-imprez-targowych-w-chorwacji-na-rok-2026\/#Targi_w_Splicie\" title=\"Targi w Splicie\">Targi w Splicie<\/a><\/li><li class='ez-toc-page-1 ez-toc-heading-level-4'><a class=\"ez-toc-link ez-toc-heading-3\" href=\"http:\/\/www.chorwacki.com\/blog\/kalendarium-imprez-targowych-w-chorwacji-na-rok-2026\/#Targi_w_Zadarze\" title=\"Targi w Zadarze\">Targi w Zadarze<\/a><\/li><\/ul><\/nav><\/div>\n<p>Aktualne zestawienie imprez targowych, kt\u00f3re odb\u0119d\u0105 si\u0119 w Chorwacji w bie\u017c\u0105cym roku, obejmuje imprezy targowe, jakie b\u0119d\u0105 mia\u0142y miejsce w g\u0142\u00f3wnym o\u015brodku targowym w Chorwacji \u2013 to jest w kompleksie wystawienniczym przy ulicy Avenija Dubrovnik 15 (Zagreba\u010dki velasajam), jak r\u00f3wnie\u017c imprezy targowe o charakterze mi\u0119dzynarodowym organizowane w Splicie, Rijece oraz innych miastach.<\/p>\n<p>Chorwacja, mimo i\u017c jest krajem kojarz\u0105cym si\u0119 w Polsce g\u0142\u00f3wnie z turystyk\u0105, jest ciekawym rynkiem do inwestowania r\u00f3wnie\u017c w innych bran\u017cach. Pod wzgl\u0119dem warto\u015bci eksportu do Chorwacji, Polska zajmuje sz\u00f3ste miejsce (po W\u0142oszech, S\u0142owenii, Niemczech, W\u0119grach i Austrii). W eksporcie Polski do Chorwacji dominuj\u0105 meble, wyroby tytoniowe, artyku\u0142y spo\u017cywcze, samochody osobowe oraz cz\u0119\u015bci samochodowe.<\/p>\n<p>Obszarami o zwi\u0119kszonej dynamice rozwoju kontakt\u00f3w polsko-chorwackich jest w ostatnich latach bran\u017ca spo\u017cywcza, farmaceutyczna, kosmetyczna, czy budowlana.\u00a0 Chorwaci s\u0105 zainteresowani r\u00f3wnie\u017c oferowanymi przez Polak\u00f3w rozwi\u0105zaniami z zakresu instalacji fotowoltaicznych, produkcji jacht\u00f3w i cz\u0119\u015bci do nich, sektorem IT czy og\u00f3lnie poj\u0119tych nowych technologii.<\/p>\n<p>Poni\u017csze zestawienie obejmuje imprezy wystawiennicze i targowe zapowiedziane na okres od ko\u0144ca stycznia do grudnia 2026 w\u0142\u0105cznie.<\/p>\n<h4><span class=\"ez-toc-section\" id=\"Targi_w_Zagrzebiu\"><\/span>Targi w Zagrzebiu<span class=\"ez-toc-section-end\"><\/span><\/h4>\n<table>\n<tbody>\n<tr>\n<td width=\"90\"><strong>Termin targ\u00f3w<\/strong><\/td>\n<td width=\"189\"><strong>Nazwa<\/strong><\/td>\n<td width=\"129\"><strong>Zakres tematyczny<\/strong><\/td>\n<td width=\"196\"><strong>Link do strony organizatora<\/strong><\/td>\n<\/tr>\n<tr>\n<td width=\"90\">31.01.2026 \u2013 1.02.2026<\/td>\n<td width=\"189\"><strong>Mi\u0119dzynarodowe Targi Kosmetyki, Fryzjerstwa i Wyposa\u017cenia Salon\u00f3w Pi\u0119kno\u015bci <\/strong><\/p>\n<p><em>(Beauty &amp; Hair Expo Zagreb)<\/em><\/p>\n<p><strong>\u00a0<\/strong><\/td>\n<td width=\"129\">sprz\u0119t i wyposa\u017cenie salon\u00f3w fryzjerskich i kosmetycznych<\/td>\n<td width=\"196\">https:\/\/www.zv.hr\/sajmovi-7\/beauty-hair-expo-zagreb\/2510<\/td>\n<\/tr>\n<tr>\n<td width=\"90\">18.02.2026 \u2013 22.02.2026<\/td>\n<td width=\"189\"><strong>Nautika \u2013 Targi \u017beglarskie<\/strong><\/p>\n<p><em>(Zagreba\u010dki sajam nautike)<\/em><\/td>\n<td width=\"129\">\u0142odzie, jachty statki i ich wyposa\u017cenie, sprz\u0119t w\u0119dkarski, szko\u0142y \u017ceglarstwa i nurkowania<\/td>\n<td width=\"196\">https:\/\/www.zv.hr\/sajmovi-7\/nautika\/2525<\/td>\n<\/tr>\n<tr>\n<td width=\"90\">20.02.2026 \u2013 22.02.2026<\/td>\n<td width=\"189\"><strong>Zagrzebskie Targi \u0141owiectwa <\/strong><\/p>\n<p><em>(Zagreba\u010dki sajam lova)<\/em><\/td>\n<td width=\"129\">sprz\u0119t \u0142owiecki, sprz\u0119t stosowany w rybo\u0142\u00f3wstwie<\/td>\n<td width=\"196\">https:\/\/www.zv.hr\/sajmovi-7\/zagrebacki-sajam-lova\/3710<\/td>\n<\/tr>\n<tr>\n<td width=\"90\">14.04.2026 \u2013 17.04.2026<\/td>\n<td width=\"189\"><strong>Biam \u2013 Zavarivanje Mi\u0119dzynarodowe Targi Urz\u0105dze\u0144 Mechanicznych, Narz\u0119dzi oraz Spawalnictwa i Ochrony Przeciwkorozyjnej <\/strong><\/p>\n<p><em>(Biam \u2013 Zavarivanje Me\u0111unarodni sajmovi alatnih strojeva i alata te zavarivanja i antikorozivne za\u0161tite)<\/em><\/td>\n<td width=\"129\">urz\u0105dzenia i narz\u0119dzia stosowane w spawalnictwie, ochrona antykorozyjna<\/td>\n<td width=\"196\">https:\/\/www.zv.hr\/sajmovi-7\/biam-zavarivanje-2508\/2508<\/td>\n<\/tr>\n<tr>\n<td width=\"90\">21.05.2026 \u2013 23.05.2026<\/td>\n<td width=\"189\"><strong>Dentex &#8211; Mi\u0119dzynarodowe Targi Stomatologiczne<\/strong><\/p>\n<p><em>(Dentex &#8211; Me\u0111unarodni sajam dentalne medicine)<\/em><\/td>\n<td width=\"129\">wyposa\u017cenie przychodni stomatologicznych, materia\u0142y dentystyczne, us\u0142ugi informatyczne dla bran\u017cy stomatologicznej, szkolenia dla stomatolog\u00f3w<\/td>\n<td width=\"196\">https:\/\/www.zv.hr\/sajmovi-7\/dentex-62\/62<\/td>\n<\/tr>\n<tr>\n<td width=\"90\">1.10.2026 \u2013 4.10.2026<\/td>\n<td width=\"189\"><strong>AMBIENTA &#8211; Mi\u0119dzynarodowe Targi Mebli, Wyposa\u017cenia Wn\u0119trz i Przemys\u0142\u00f3w Towarzysz\u0105cych<\/strong> <em>(Me\u0111unarodni sajam namje\u0161taja, unutarnjeg ure\u0111enja i prate\u0107e industrije)<\/em><\/td>\n<td width=\"129\">meble do mieszka\u0144, meble biurowe, maszyny i urz\u0105dzenia dla przemys\u0142u drzewnego i meblarskiego<\/td>\n<td width=\"196\">https:\/\/www.zv.hr\/sajmovi-7\/ambienta-63\/63<\/td>\n<\/tr>\n<tr>\n<td width=\"90\">10.11.2026 \u2013 15.11.2026<\/td>\n<td width=\"189\"><strong>INTERLIBER &#8211; Mi\u0119dzynarodowe Targi Ksi\u0105\u017cki <\/strong><\/p>\n<p><em>(Me\u0111unarodni sajam knjiga i u\u010dila)<\/em><\/td>\n<td width=\"129\">ksi\u0105\u017cki, podr\u0119czniki, pomoce naukowe<\/td>\n<td width=\"196\">https:\/\/www.zv.hr\/sajmovi-7\/interliber-2519\/2519<\/td>\n<\/tr>\n<tr>\n<td width=\"90\">3.12.2026 \u2013 6.12.2026<\/td>\n<td width=\"189\"><strong>CroAgro &#8211; Mi\u0119dzynarodowe Targi Rolnictwa, Sprz\u0119tu Rolniczego i Mechanizacji<\/strong><\/p>\n<p><em>(Me\u0111unarodni sajam poljoprivrede poljoopreme i mehanizacije)<\/em><\/td>\n<td width=\"129\">maszyny i urz\u0105dzenia rolnicze, artyku\u0142y dla rolnictwa<\/td>\n<td width=\"196\">https:\/\/www.zv.hr\/sajmovi-7\/croagro\/2522<\/td>\n<\/tr>\n<tr>\n<td width=\"90\">3.12.2026 \u2013 6.12.2026<\/td>\n<td width=\"189\"><strong>Targi \u017bywno\u015bci i Zdrowego Stylu \u017bycia<\/strong><\/p>\n<p><em>(Sajmovi hrane i zdravog \u017eivljenja)<\/em><\/td>\n<td width=\"129\">zdrowa \u017cywno\u015b\u0107, suplementy diety, dodatki do \u017cywno\u015bci<\/td>\n<td width=\"196\">https:\/\/www.zv.hr\/sajmovi-7\/sajmovi-hrane-i-zdravog-zivljenja\/2523<\/td>\n<\/tr>\n<\/tbody>\n<\/table>\n<h4><span class=\"ez-toc-section\" id=\"Targi_w_Splicie\"><\/span>Targi w Splicie<span class=\"ez-toc-section-end\"><\/span><\/h4>\n<table>\n<tbody>\n<tr>\n<td width=\"90\"><strong>Termin targ\u00f3w<\/strong><\/td>\n<td width=\"189\"><strong>Nazwa<\/strong><\/td>\n<td width=\"129\"><strong>Zakres tematyczny<\/strong><\/td>\n<td width=\"196\"><strong>Link do strony organizatora<\/strong><\/td>\n<\/tr>\n<tr>\n<td width=\"90\">pa\u017adziernik 2026 (dok\u0142adny termin zostanie podany p\u00f3\u017aniej)<\/td>\n<td width=\"189\"><strong>Mi\u0119dzynarodowe Targi SASO <\/strong><\/p>\n<p>(<em>Me\u0111unarodni sajam SASO)<\/em><\/td>\n<td width=\"129\">budownictwo, przemys\u0142 drzewny, metalurgiczny, maszyny i urz\u0105dzenia, przedsi\u0119biorczo\u015b\u0107, elektrotechnika i energetyka<\/td>\n<td width=\"196\"><\/td>\n<\/tr>\n<\/tbody>\n<\/table>\n<h4><span class=\"ez-toc-section\" id=\"Targi_w_Zadarze\"><\/span>Targi w Zadarze<span class=\"ez-toc-section-end\"><\/span><\/h4>\n<table>\n<tbody>\n<tr>\n<td width=\"84\"><strong>Termin targ\u00f3w<\/strong><\/td>\n<td width=\"144\"><strong>Nazwa<\/strong><\/td>\n<td width=\"117\"><strong>Zakres tematyczny<\/strong><\/td>\n<td width=\"259\"><strong>Link do strony organizatora<\/strong><\/td>\n<\/tr>\n<tr>\n<td width=\"84\">4.02.2026 \u2013 7.02.2026<\/td>\n<td width=\"144\"><strong>ADRIATIC GASTRO SHOW &#8211; Mi\u0119dzynarodowe Targi Gastronomii i Turystyki<\/strong><strong><br \/>\nKATRIGA ADRIATICA &#8211; Mi\u0119dzynarodowe Targi Meblowe<\/strong><\/td>\n<td width=\"117\">artyku\u0142y spo\u017cywcze i napoje dla gastronomii, sprz\u0119t gastronomiczny i hotelarski, wyposa\u017cenie hoteli, oprogramowanie dla hotelarstwa i gastronomii<\/td>\n<td width=\"259\"><\/td>\n<\/tr>\n<\/tbody>\n<\/table>\n","protected":false},"excerpt":{"rendered":"<p>Aktualne zestawienie imprez targowych, kt\u00f3re odb\u0119d\u0105 si\u0119 w Chorwacji w bie\u017c\u0105cym roku, obejmuje imprezy targowe, jakie b\u0119d\u0105 mia\u0142y miejsce w<\/p>\n","protected":false},"author":1,"featured_media":4721,"comment_status":"closed","ping_status":"open","sticky":false,"template":"","format":"standard","meta":[],"categories":[1],"tags":[2190,1880,2191,1879,1878,1877],"_links":{"self":[{"href":"http:\/\/www.chorwacki.com\/blog\/wp-json\/wp\/v2\/posts\/4666"}],"collection":[{"href":"http:\/\/www.chorwacki.com\/blog\/wp-json\/wp\/v2\/posts"}],"about":[{"href":"http:\/\/www.chorwacki.com\/blog\/wp-json\/wp\/v2\/types\/post"}],"author":[{"embeddable":true,"href":"http:\/\/www.chorwacki.com\/blog\/wp-json\/wp\/v2\/users\/1"}],"replies":[{"embeddable":true,"href":"http:\/\/www.chorwacki.com\/blog\/wp-json\/wp\/v2\/comments?post=4666"}],"version-history":[{"count":5,"href":"http:\/\/www.chorwacki.com\/blog\/wp-json\/wp\/v2\/posts\/4666\/revisions"}],"predecessor-version":[{"id":4727,"href":"http:\/\/www.chorwacki.com\/blog\/wp-json\/wp\/v2\/posts\/4666\/revisions\/4727"}],"wp:featuredmedia":[{"embeddable":true,"href":"http:\/\/www.chorwacki.com\/blog\/wp-json\/wp\/v2\/media\/4721"}],"wp:attachment":[{"href":"http:\/\/www.chorwacki.com\/blog\/wp-json\/wp\/v2\/media?parent=4666"}],"wp:term":[{"taxonomy":"category","embeddable":true,"href":"http:\/\/www.chorwacki.com\/blog\/wp-json\/wp\/v2\/categories?post=4666"},{"taxonomy":"post_tag","embeddable":true,"href":"http:\/\/www.chorwacki.com\/blog\/wp-json\/wp\/v2\/tags?post=4666"}],"curies":[{"name":"wp","href":"https:\/\/api.w.org\/{rel}","templated":true}]}}