{"id":4137,"date":"2025-05-28T12:46:20","date_gmt":"2025-05-28T12:46:20","guid":{"rendered":"https:\/\/www.chorwacki.com\/blog\/?p=4137"},"modified":"2025-11-26T17:00:46","modified_gmt":"2025-11-26T17:00:46","slug":"przyladek-kamenjak-na-istrii","status":"publish","type":"post","link":"http:\/\/www.chorwacki.com\/blog\/przyladek-kamenjak-na-istrii\/","title":{"rendered":"Przyl\u0105dek Kamenjak na Istrii"},"content":{"rendered":"<div id=\"ez-toc-container\" class=\"ez-toc-v2_0_48 counter-hierarchy ez-toc-counter ez-toc-grey ez-toc-container-direction\">\n<div class=\"ez-toc-title-container\">\n<p class=\"ez-toc-title\">Spis Tre\u015bci<\/p>\n<span class=\"ez-toc-title-toggle\"><a href=\"#\" class=\"ez-toc-pull-right ez-toc-btn ez-toc-btn-xs ez-toc-btn-default ez-toc-toggle\" aria-label=\"ez-toc-toggle-icon-1\"><label for=\"item-69ee45536bb9d\" aria-label=\"Table of Content\"><span style=\"display: flex;align-items: center;width: 35px;height: 30px;justify-content: center;direction:ltr;\"><svg style=\"fill: #999;color:#999\" xmlns=\"http:\/\/www.w3.org\/2000\/svg\" class=\"list-377408\" width=\"20px\" height=\"20px\" viewBox=\"0 0 24 24\" fill=\"none\"><path d=\"M6 6H4v2h2V6zm14 0H8v2h12V6zM4 11h2v2H4v-2zm16 0H8v2h12v-2zM4 16h2v2H4v-2zm16 0H8v2h12v-2z\" fill=\"currentColor\"><\/path><\/svg><svg style=\"fill: #999;color:#999\" class=\"arrow-unsorted-368013\" xmlns=\"http:\/\/www.w3.org\/2000\/svg\" width=\"10px\" height=\"10px\" viewBox=\"0 0 24 24\" version=\"1.2\" baseProfile=\"tiny\"><path d=\"M18.2 9.3l-6.2-6.3-6.2 6.3c-.2.2-.3.4-.3.7s.1.5.3.7c.2.2.4.3.7.3h11c.3 0 .5-.1.7-.3.2-.2.3-.5.3-.7s-.1-.5-.3-.7zM5.8 14.7l6.2 6.3 6.2-6.3c.2-.2.3-.5.3-.7s-.1-.5-.3-.7c-.2-.2-.4-.3-.7-.3h-11c-.3 0-.5.1-.7.3-.2.2-.3.5-.3.7s.1.5.3.7z\"\/><\/svg><\/span><\/label><input  type=\"checkbox\" id=\"item-69ee45536bb9d\"><\/a><\/span><\/div>\n<nav><ul class='ez-toc-list ez-toc-list-level-1 ' ><li class='ez-toc-page-1 ez-toc-heading-level-3'><a class=\"ez-toc-link ez-toc-heading-1\" href=\"http:\/\/www.chorwacki.com\/blog\/przyladek-kamenjak-na-istrii\/#Polozenie_Przyladka_Kamenjak\" title=\"Po\u0142o\u017cenie Przyl\u0105dka Kamenjak\">Po\u0142o\u017cenie Przyl\u0105dka Kamenjak<\/a><\/li><li class='ez-toc-page-1 ez-toc-heading-level-3'><a class=\"ez-toc-link ez-toc-heading-2\" href=\"http:\/\/www.chorwacki.com\/blog\/przyladek-kamenjak-na-istrii\/#Jak_dostac_sie_na_Przyladek_Kamenjak\" title=\"Jak dosta\u0107 si\u0119 na Przyl\u0105dek Kamenjak?\">Jak dosta\u0107 si\u0119 na Przyl\u0105dek Kamenjak?<\/a><ul class='ez-toc-list-level-4'><li class='ez-toc-heading-level-4'><a class=\"ez-toc-link ez-toc-heading-3\" href=\"http:\/\/www.chorwacki.com\/blog\/przyladek-kamenjak-na-istrii\/#Ceny_wjazdu_na_Przyladek_Kamenjak\" title=\"Ceny wjazdu na Przyl\u0105dek Kamenjak\">Ceny wjazdu na Przyl\u0105dek Kamenjak<\/a><\/li><\/ul><\/li><li class='ez-toc-page-1 ez-toc-heading-level-3'><a class=\"ez-toc-link ez-toc-heading-4\" href=\"http:\/\/www.chorwacki.com\/blog\/przyladek-kamenjak-na-istrii\/#Atrakcje_Przyladka_Kamenjak\" title=\"Atrakcje Przyl\u0105dka Kamenjak\">Atrakcje Przyl\u0105dka Kamenjak<\/a><ul class='ez-toc-list-level-4'><li class='ez-toc-heading-level-4'><a class=\"ez-toc-link ez-toc-heading-5\" href=\"http:\/\/www.chorwacki.com\/blog\/przyladek-kamenjak-na-istrii\/#Plaze\" title=\"Pla\u017ce\">Pla\u017ce<\/a><\/li><li class='ez-toc-page-1 ez-toc-heading-level-4'><a class=\"ez-toc-link ez-toc-heading-6\" href=\"http:\/\/www.chorwacki.com\/blog\/przyladek-kamenjak-na-istrii\/#Klifowe_urwiska\" title=\"Klifowe urwiska\">Klifowe urwiska<\/a><\/li><li class='ez-toc-page-1 ez-toc-heading-level-4'><a class=\"ez-toc-link ez-toc-heading-7\" href=\"http:\/\/www.chorwacki.com\/blog\/przyladek-kamenjak-na-istrii\/#Bunkier_Kamenjak\" title=\"Bunkier Kamenjak\">Bunkier Kamenjak<\/a><\/li><li class='ez-toc-page-1 ez-toc-heading-level-4'><a class=\"ez-toc-link ez-toc-heading-8\" href=\"http:\/\/www.chorwacki.com\/blog\/przyladek-kamenjak-na-istrii\/#Slady_dinozaurow\" title=\"\u015alady dinozaur\u00f3w\">\u015alady dinozaur\u00f3w<\/a><\/li><li class='ez-toc-page-1 ez-toc-heading-level-4'><a class=\"ez-toc-link ez-toc-heading-9\" href=\"http:\/\/www.chorwacki.com\/blog\/przyladek-kamenjak-na-istrii\/#Fauna_i_flora_Przyladka_Kamenjak\" title=\"Fauna i flora Przyl\u0105dka Kamenjak\">Fauna i flora Przyl\u0105dka Kamenjak<\/a><\/li><\/ul><\/li><li class='ez-toc-page-1 ez-toc-heading-level-3'><a class=\"ez-toc-link ez-toc-heading-10\" href=\"http:\/\/www.chorwacki.com\/blog\/przyladek-kamenjak-na-istrii\/#Ciekawostki_dotyczace_Przyladka_Kamenjak\" title=\"Ciekawostki dotycz\u0105ce Przyl\u0105dka Kamenjak\">Ciekawostki dotycz\u0105ce Przyl\u0105dka Kamenjak<\/a><\/li><\/ul><\/nav><\/div>\n<p>Najdalej wysuni\u0119ty na po\u0142udnie fragment P\u00f3\u0142wyspu Istria to rezerwat przyrody b\u0119d\u0105cy prawdziw\u0105 gratk\u0105 dla mi\u0142o\u015bnik\u00f3w natury. Ten wyj\u0105tkowo urokliwy zak\u0105tek skrywa malownicze, niemal dzikie pla\u017ce, ale ma do zaoferowania r\u00f3wnie\u017c liczne \u015bcie\u017cki spacerowe i zapieraj\u0105ce dech w piersiach widoki.<\/p>\n<h3><span class=\"ez-toc-section\" id=\"Polozenie_Przyladka_Kamenjak\"><\/span><strong>Po\u0142o\u017cenie Przyl\u0105dka Kamenjak<\/strong><span class=\"ez-toc-section-end\"><\/span><\/h3>\n<p>Kamenjak jest najdalej wysuni\u0119t\u0105 na po\u0142udnie cz\u0119\u015bci\u0105 Istrii i znajduje si\u0119 w odleg\u0142o\u015bci czternastu kilometr\u00f3w od Puli. Ma 3400 metr\u00f3w d\u0142ugo\u015bci oraz od 500-1600 metr\u00f3w szeroko\u015bci, a charakterystyczn\u0105 jego cech\u0105 jest nieregularna linia brzegowa z wysokimi klifami i zatoczkami z licznymi, w cz\u0119\u015bci niemal dzikimi pla\u017cami.<\/p>\n<p>Obszar przyl\u0105dka nale\u017cy do najbardziej suchych rejon\u00f3w w Chorwacji. Liczba godzin s\u0142onecznych w roku wynosi tu 2300, co przek\u0142ada si\u0119 na 6,5 godziny dziennie s\u0142o\u0144ca.<\/p>\n<h3><span class=\"ez-toc-section\" id=\"Jak_dostac_sie_na_Przyladek_Kamenjak\"><\/span><strong>Jak dosta\u0107 si\u0119 na Przyl\u0105dek Kamenjak?<\/strong><span class=\"ez-toc-section-end\"><\/span><\/h3>\n<p>Do przyl\u0105dka nie kursuje komunikacja publiczna. Mo\u017cna do niego dotrze\u0107 we w\u0142asnym zakresie &#8211; samochodem, motocyklem lub rowerem, przy czym w sezonie wjazd na teren przyl\u0105dka samochodem, kamperem, a tak\u017ce motocyklem lub skuterem jest p\u0142atny. \u00a0Samoch\u00f3d nale\u017cy zostawi\u0107 na parkingu znajduj\u0105cym si\u0119 w odleg\u0142o\u015bci oko\u0142o 1 kilometra od najbli\u017cszych pla\u017c. Mo\u017cna r\u00f3wnie\u017c skorzysta\u0107 z oferowanych wycieczek statkiem wyp\u0142ywaj\u0105cym z Medulinu.<\/p>\n<h4><span class=\"ez-toc-section\" id=\"Ceny_wjazdu_na_Przyladek_Kamenjak\"><\/span><strong>Ceny wjazdu na Przyl\u0105dek Kamenjak<\/strong><span class=\"ez-toc-section-end\"><\/span><\/h4>\n<p>W sezonie, w okresie od 15 czerwca do 15 wrze\u015bnia cena za wjazd na teren przyl\u0105dka wynosi 8 EUR za wjazd motocyklem lub skuterem, \u00a015 EUR samochodem oraz 30 EUR kamperem (ceny z 2025 roku). Nieco ta\u0144szy jest wjazd przed i po sezonie (od 2 maja do 14 czerwca i od 16 wrze\u015bnia do 31 pa\u017adziernika), za\u015b poza tymi okresami op\u0142aty nie s\u0105 pobierane.<\/p>\n<h3><span class=\"ez-toc-section\" id=\"Atrakcje_Przyladka_Kamenjak\"><\/span><strong>Atrakcje Przyl\u0105dka Kamenjak<\/strong><span class=\"ez-toc-section-end\"><\/span><\/h3>\n<h4><span class=\"ez-toc-section\" id=\"Plaze\"><\/span><strong>Pla\u017ce<\/strong><span class=\"ez-toc-section-end\"><\/span><\/h4>\n<p>Najwi\u0119ksz\u0105 atrakcj\u0119 przyl\u0105dka stanowi\u0105 pla\u017ce, uznawane przez niekt\u00f3rych za najpi\u0119kniejsze na P\u00f3\u0142wyspie Istria, tym bardziej, \u017ce nale\u017c\u0105 one do malej\u0105cej ju\u017c w Chorwacji liczby pla\u017c niemal\u017ce dzikich. Nie znajdziemy na nich bar\u00f3w, atrakcji dla dzieci czy udogodnie\u0144, ale to w\u0142a\u015bnie stanowi jednocze\u015bnie ich zalet\u0119.<\/p>\n<p>Warto zauwa\u017cy\u0107, \u017ce w okolicy przyl\u0105dka woda w morzu ma wy\u017csz\u0105 temperatur\u0119 ni\u017c w innych cz\u0119\u015bciach Chorwacji, jak r\u00f3wnie\u017c wyr\u00f3\u017cnia j\u0105 przejrzysto\u015b\u0107\u00a0 i lazurowy kolor.<\/p>\n<figure id=\"attachment_4488\" aria-describedby=\"caption-attachment-4488\" style=\"width: 800px\" class=\"wp-caption alignnone\"><img decoding=\"async\" loading=\"lazy\" class=\"wp-image-4488 size-large\" src=\"http:\/\/www.chorwacki.com\/blog\/wp-content\/uploads\/2025\/05\/1441px-Beach_at_the_Kamenjak_peninsula-1024x767.jpg\" alt=\"Zdj\u0119cie umieszczone na podst. licencji Creative Commons, pobrane z Wikipedii dn. 26\/11\/2025\" width=\"800\" height=\"599\" srcset=\"http:\/\/www.chorwacki.com\/blog\/wp-content\/uploads\/2025\/05\/1441px-Beach_at_the_Kamenjak_peninsula-1024x767.jpg 1024w, http:\/\/www.chorwacki.com\/blog\/wp-content\/uploads\/2025\/05\/1441px-Beach_at_the_Kamenjak_peninsula-300x225.jpg 300w, http:\/\/www.chorwacki.com\/blog\/wp-content\/uploads\/2025\/05\/1441px-Beach_at_the_Kamenjak_peninsula-768x576.jpg 768w, http:\/\/www.chorwacki.com\/blog\/wp-content\/uploads\/2025\/05\/1441px-Beach_at_the_Kamenjak_peninsula.jpg 1441w\" sizes=\"(max-width: 800px) 100vw, 800px\" \/><figcaption id=\"caption-attachment-4488\" class=\"wp-caption-text\">Autor: <a class=\"new\" title=\"User:Jarba (page does not exist)\" href=\"\/\/commons.wikimedia.org\/w\/index.php?title=User:Jarba&amp;action=edit&amp;redlink=1\">Jarba<\/a> \u2013 <span class=\"int-own-work\" lang=\"cs\">Vlastn\u00ed d\u00edlo<\/span>, <a title=\"Creative Commons Attribution 3.0\" href=\"https:\/\/creativecommons.org\/licenses\/by\/3.0\">CC BY 3.0<\/a>, <a href=\"https:\/\/commons.wikimedia.org\/w\/index.php?curid=10720634\">Odkaz<\/a><\/figcaption><\/figure>\n<h4><span class=\"ez-toc-section\" id=\"Klifowe_urwiska\"><\/span><strong>Klifowe urwiska<\/strong><span class=\"ez-toc-section-end\"><\/span><\/h4>\n<p>Urozmaicona linia brzegowa obfituje w klifowe urwiska. Te wyj\u0105tkowe, naturalne formacje skalne powsta\u0142y w wyniku wieloletniego dzia\u0142ania fal morskich na ska\u0142y. \u00a0Wysoko\u015b\u0107 klif\u00f3w wynosi od 3 do 12 metr\u00f3w. Tu\u017c przy nich prowadz\u0105 szklaki piesze, kt\u00f3rymi mo\u017cna obej\u015b\u0107 ca\u0142y przyl\u0105dek, zatrzymuj\u0105c si\u0119 w punktach widokowych oferuj\u0105cych niezapomniane widoki.<\/p>\n<figure id=\"attachment_4489\" aria-describedby=\"caption-attachment-4489\" style=\"width: 800px\" class=\"wp-caption alignnone\"><img decoding=\"async\" loading=\"lazy\" class=\"wp-image-4489 size-large\" src=\"http:\/\/www.chorwacki.com\/blog\/wp-content\/uploads\/2025\/05\/2048px-Rt_Kamenjak_Croatia8-1024x768.jpg\" alt=\"Zdj\u0119cie umieszczone na podst. licencji Creative Commons, pobrane z Wikipedii dn. 26\/11\/2025\" width=\"800\" height=\"600\" srcset=\"http:\/\/www.chorwacki.com\/blog\/wp-content\/uploads\/2025\/05\/2048px-Rt_Kamenjak_Croatia8-1024x768.jpg 1024w, http:\/\/www.chorwacki.com\/blog\/wp-content\/uploads\/2025\/05\/2048px-Rt_Kamenjak_Croatia8-300x225.jpg 300w, http:\/\/www.chorwacki.com\/blog\/wp-content\/uploads\/2025\/05\/2048px-Rt_Kamenjak_Croatia8-768x576.jpg 768w, http:\/\/www.chorwacki.com\/blog\/wp-content\/uploads\/2025\/05\/2048px-Rt_Kamenjak_Croatia8-1536x1152.jpg 1536w, http:\/\/www.chorwacki.com\/blog\/wp-content\/uploads\/2025\/05\/2048px-Rt_Kamenjak_Croatia8.jpg 2048w\" sizes=\"(max-width: 800px) 100vw, 800px\" \/><figcaption id=\"caption-attachment-4489\" class=\"wp-caption-text\"><a href=\"https:\/\/commons.wikimedia.org\/wiki\/File:Rt_Kamenjak,_Croatia8.JPG\">Croq<\/a>, <a href=\"https:\/\/creativecommons.org\/licenses\/by-sa\/3.0\">CC BY-SA 3.0<\/a>, via Wikimedia Commons<\/figcaption><\/figure>\n<figure id=\"attachment_4490\" aria-describedby=\"caption-attachment-4490\" style=\"width: 800px\" class=\"wp-caption alignnone\"><img decoding=\"async\" loading=\"lazy\" class=\"wp-image-4490 size-large\" title=\"Kamenjak\" src=\"http:\/\/www.chorwacki.com\/blog\/wp-content\/uploads\/2025\/05\/Rt_Kamenjak_Croatia6-1024x768.jpg\" alt=\"Zdj\u0119cie umieszczone na podst. licencji Creative Commons, pobrane z Wikipedii dn. 26\/11\/2025\" width=\"800\" height=\"600\" srcset=\"http:\/\/www.chorwacki.com\/blog\/wp-content\/uploads\/2025\/05\/Rt_Kamenjak_Croatia6-1024x768.jpg 1024w, http:\/\/www.chorwacki.com\/blog\/wp-content\/uploads\/2025\/05\/Rt_Kamenjak_Croatia6-300x225.jpg 300w, http:\/\/www.chorwacki.com\/blog\/wp-content\/uploads\/2025\/05\/Rt_Kamenjak_Croatia6-768x576.jpg 768w, http:\/\/www.chorwacki.com\/blog\/wp-content\/uploads\/2025\/05\/Rt_Kamenjak_Croatia6-1536x1152.jpg 1536w, http:\/\/www.chorwacki.com\/blog\/wp-content\/uploads\/2025\/05\/Rt_Kamenjak_Croatia6-2048x1536.jpg 2048w\" sizes=\"(max-width: 800px) 100vw, 800px\" \/><figcaption id=\"caption-attachment-4490\" class=\"wp-caption-text\"><a href=\"https:\/\/commons.wikimedia.org\/wiki\/File:Rt_Kamenjak,_Croatia6.JPG\">Croq<\/a>, <a href=\"https:\/\/creativecommons.org\/licenses\/by-sa\/3.0\">CC BY-SA 3.0<\/a>, via Wikimedia Commons<\/figcaption><\/figure>\n<figure id=\"attachment_4491\" aria-describedby=\"caption-attachment-4491\" style=\"width: 800px\" class=\"wp-caption alignnone\"><img decoding=\"async\" loading=\"lazy\" class=\"wp-image-4491 size-large\" src=\"http:\/\/www.chorwacki.com\/blog\/wp-content\/uploads\/2025\/05\/2048px-Rt_Kamenjak_Croatia3-1024x768.jpg\" alt=\"Zdj\u0119cie umieszczone na podst. licencji Creative Commons, pobrane z Wikipedii dn. 26\/11\/2025\" width=\"800\" height=\"600\" srcset=\"http:\/\/www.chorwacki.com\/blog\/wp-content\/uploads\/2025\/05\/2048px-Rt_Kamenjak_Croatia3-1024x768.jpg 1024w, http:\/\/www.chorwacki.com\/blog\/wp-content\/uploads\/2025\/05\/2048px-Rt_Kamenjak_Croatia3-300x225.jpg 300w, http:\/\/www.chorwacki.com\/blog\/wp-content\/uploads\/2025\/05\/2048px-Rt_Kamenjak_Croatia3-768x576.jpg 768w, http:\/\/www.chorwacki.com\/blog\/wp-content\/uploads\/2025\/05\/2048px-Rt_Kamenjak_Croatia3-1536x1152.jpg 1536w, http:\/\/www.chorwacki.com\/blog\/wp-content\/uploads\/2025\/05\/2048px-Rt_Kamenjak_Croatia3.jpg 2048w\" sizes=\"(max-width: 800px) 100vw, 800px\" \/><figcaption id=\"caption-attachment-4491\" class=\"wp-caption-text\"><a href=\"https:\/\/commons.wikimedia.org\/wiki\/File:Rt_Kamenjak,_Croatia3.JPG\">Croq<\/a>, <a href=\"https:\/\/creativecommons.org\/licenses\/by-sa\/3.0\">CC BY-SA 3.0<\/a>, via Wikimedia Commons<\/figcaption><\/figure>\n<h4><span class=\"ez-toc-section\" id=\"Bunkier_Kamenjak\"><\/span><strong>Bunkier Kamenjak<\/strong><span class=\"ez-toc-section-end\"><\/span><\/h4>\n<p>Jednym z ciekawszych punkt\u00f3w widokowych jest miejsce okre\u015blane jako <em>Bunker Kamenjak.<\/em> Znajduj\u0105cy si\u0119 tu bunkier by\u0142 cz\u0119\u015bci\u0105 systemu obronnego zbudowanego w okresie II wojny \u015bwiatowej. Obecnie znajduje si\u0119 tu punkt widokowy, z kt\u00f3rego szczytu rozci\u0105ga si\u0119 panorama okolicy, dok\u0142adnie opisana na znajduj\u0105cych si\u0119 tam tablicach informacyjnych.<\/p>\n<h4><span class=\"ez-toc-section\" id=\"Slady_dinozaurow\"><\/span><strong>\u015alady dinozaur\u00f3w<\/strong><span class=\"ez-toc-section-end\"><\/span><\/h4>\n<p>Na terenie przyl\u0105dka w 1975 roku odkryto \u015blady dinozaur\u00f3w, a skamienia\u0142e tropy pogrupowano w \u015bcie\u017cki, z kt\u00f3rych najd\u0142u\u017csza ma 19,5 metr\u00f3w i mo\u017cna na niej znale\u017a\u0107 a\u017c 39 \u015blad\u00f3w dawnych gad\u00f3w. Mo\u017cna si\u0119 tak\u017ce przej\u015b\u0107 szklakiem dydaktycznym d\u0142ugo\u015bci oko\u0142o 700 metr\u00f3w, na kt\u00f3rym opr\u00f3cz skamienia\u0142ych \u015blad\u00f3w znajduj\u0105 si\u0119 te\u017c kamienne figury dinozaur\u00f3w. Na ko\u0144cu, szklak prowadzi na skalist\u0105 pla\u017c\u0119.<\/p>\n<h4><span class=\"ez-toc-section\" id=\"Fauna_i_flora_Przyladka_Kamenjak\"><\/span><strong>Fauna i flora Przyl\u0105dka Kamenjak<\/strong><span class=\"ez-toc-section-end\"><\/span><\/h4>\n<p>W roku 1996 obszar Przyl\u0105dka Kamenjak wraz z pobliskimi jedenastoma wysepkami, z uwagi na ich bior\u00f3\u017cnorodno\u015b\u0107 obj\u0119to ochron\u0105 w ramach rezerwatu przyrody. Na tych terenach znajduj\u0105 si\u0119 siedliska zagro\u017conych ro\u015blin, mi\u0119dzy innymi d\u0119bu ostrolistnego dawniej charakterystycznego dla ca\u0142ego obszaru \u015br\u00f3dziemnomorskiego, a dzisiaj, z uwagi na post\u0119puj\u0105c\u0105 degradacj\u0119 \u015brodowiska zagro\u017conego wygini\u0119ciem.<\/p>\n<p>Opr\u00f3cz tego, na Przyl\u0105dku Kamenjak mo\u017cna znale\u017a\u0107 oko\u0142o 30 gatunk\u00f3w storczyk\u00f3w, w tym gatunek endemiczny &#8211; <em>Serapias istrica<\/em>.<\/p>\n<p>R\u00f3wnie\u017c \u015bwiat zwierz\u0119cy przyl\u0105dka wyr\u00f3\u017cnia si\u0119 r\u00f3\u017cnorodno\u015bci\u0105. Klimat sprzyja wyst\u0119powaniu wielu gatunk\u00f3w gad\u00f3w. Mo\u017cna tu spotka\u0107 mi\u0119dzy innymi w\u0119\u017ce czteropasiaste, jaszczurki sycylijskie czy jaszczurki zielone. Spo\u015br\u00f3d ssak\u00f3w na uwag\u0119 zas\u0142uguj\u0105 borsuki europejskie, dziki euroazjatyckie, popielice, a tak\u017ce szakale.<\/p>\n<p>Na terenie przyl\u0105dka stwierdzono te\u017c wyst\u0119powanie ponad 50 gatunk\u00f3w motyli, a tak\u017ce pi\u0119knych wa\u017cek, w tym husarza w\u0142adcy, jednej z najwi\u0119kszych wa\u017cek w Europie.<\/p>\n<p>\u017byj\u0105 tu te\u017c dwa jadowite gatunki \u2013 <a href=\"https:\/\/www.chorwacki.com\/blog\/niebezpieczne-zwierzeta-w-chorwacji\/\">\u017cmija nosoroga<\/a>, kt\u00f3rej jad mo\u017ce zagra\u017ca\u0107 \u017cyciu cz\u0142owieka oraz paj\u0105k karakurt, kt\u00f3rego uk\u0105szenie mo\u017ce doprowadzi\u0107 do pora\u017cenia nerw\u00f3w ruchowych.<\/p>\n<p>Niezwyk\u0142a jest te\u017c przyroda pod powierzchni\u0105 wody. \u017byj\u0105 tu glony \u015bwiat\u0142olubne, a piaszczyste dno z domieszk\u0105 mu\u0142u stanowi idealne pod\u0142o\u017ce do wzrostu trawy Neptuna. Morskie trawy stwarzaj\u0105 idealne warunki do bytowania mi\u0119czak\u00f3w i skorupiak\u00f3w. Mo\u017cna tu znale\u017a\u0107 homara europejskiego oraz kraby.<\/p>\n<h3><span class=\"ez-toc-section\" id=\"Ciekawostki_dotyczace_Przyladka_Kamenjak\"><\/span><strong>Ciekawostki dotycz\u0105ce Przyl\u0105dka Kamenjak<\/strong><span class=\"ez-toc-section-end\"><\/span><\/h3>\n<ul>\n<li>Podczas I wojny \u015bwiatowej na Gornjim Kamenjaku umieszczono ogromne reflektory, kt\u00f3rych rol\u0105 by\u0142o symulowanie portu morskiego w Puli, b\u0119d\u0105cego g\u0142\u00f3wnym celem ataku w\u0142oskich si\u0142 powietrznych. W\u0142oscy piloci, patrz\u0105c na o\u015bwietlone miejsce my\u015bleli, \u017ce bombarduj\u0105 Pul\u0119.<\/li>\n<li>na wysepce Porer, jednej z 11 otaczaj\u0105cych przyl\u0105dek wysepek znajduje si\u0119 35-metrowa latarnia morska, wybudowana w 1883 roku. Obecnie znajduj\u0105 si\u0119 w niej dwa apartamenty, kt\u00f3re mo\u017cna wynajmowa\u0107, ka\u017cdy przeznaczony dla 4 os\u00f3b.<\/li>\n<\/ul>\n<figure id=\"attachment_4138\" aria-describedby=\"caption-attachment-4138\" style=\"width: 600px\" class=\"wp-caption alignnone\"><img decoding=\"async\" loading=\"lazy\" class=\"wp-image-4138\" src=\"http:\/\/www.chorwacki.com\/blog\/wp-content\/uploads\/2025\/05\/Porer_Lighthouse-1024x658.jpg\" alt=\"\" width=\"600\" height=\"386\" srcset=\"http:\/\/www.chorwacki.com\/blog\/wp-content\/uploads\/2025\/05\/Porer_Lighthouse-1024x658.jpg 1024w, http:\/\/www.chorwacki.com\/blog\/wp-content\/uploads\/2025\/05\/Porer_Lighthouse-300x193.jpg 300w, http:\/\/www.chorwacki.com\/blog\/wp-content\/uploads\/2025\/05\/Porer_Lighthouse-768x494.jpg 768w, http:\/\/www.chorwacki.com\/blog\/wp-content\/uploads\/2025\/05\/Porer_Lighthouse-1536x987.jpg 1536w, http:\/\/www.chorwacki.com\/blog\/wp-content\/uploads\/2025\/05\/Porer_Lighthouse-2048x1317.jpg 2048w\" sizes=\"(max-width: 600px) 100vw, 600px\" \/><figcaption id=\"caption-attachment-4138\" class=\"wp-caption-text\">Autor m.prinke &#8211; originally posted to Flickr as Porer Lighthouse, CC BY-SA 2.0, https:\/\/commons.wikimedia.org\/w\/index.php?curid=8025840<\/figcaption><\/figure>\n<p>Wi\u0119cej informacji o Przyl\u0105dku Kamenjak mo\u017cna znale\u017a\u0107 na oficjalnej stronie rezerwatu <a href=\"https:\/\/kamenjak.hr\/hr\/planiraj-posjet\/cjenik\">kamenjak.hr<\/a><\/p>\n","protected":false},"excerpt":{"rendered":"<p>Najdalej wysuni\u0119ty na po\u0142udnie fragment P\u00f3\u0142wyspu Istria to rezerwat przyrody b\u0119d\u0105cy prawdziw\u0105 gratk\u0105 dla mi\u0142o\u015bnik\u00f3w natury. Ten wyj\u0105tkowo urokliwy zak\u0105tek<\/p>\n","protected":false},"author":1,"featured_media":4489,"comment_status":"closed","ping_status":"open","sticky":false,"template":"","format":"standard","meta":[],"categories":[1602,1589],"tags":[2132,2133,2131,2134],"_links":{"self":[{"href":"http:\/\/www.chorwacki.com\/blog\/wp-json\/wp\/v2\/posts\/4137"}],"collection":[{"href":"http:\/\/www.chorwacki.com\/blog\/wp-json\/wp\/v2\/posts"}],"about":[{"href":"http:\/\/www.chorwacki.com\/blog\/wp-json\/wp\/v2\/types\/post"}],"author":[{"embeddable":true,"href":"http:\/\/www.chorwacki.com\/blog\/wp-json\/wp\/v2\/users\/1"}],"replies":[{"embeddable":true,"href":"http:\/\/www.chorwacki.com\/blog\/wp-json\/wp\/v2\/comments?post=4137"}],"version-history":[{"count":12,"href":"http:\/\/www.chorwacki.com\/blog\/wp-json\/wp\/v2\/posts\/4137\/revisions"}],"predecessor-version":[{"id":4494,"href":"http:\/\/www.chorwacki.com\/blog\/wp-json\/wp\/v2\/posts\/4137\/revisions\/4494"}],"wp:featuredmedia":[{"embeddable":true,"href":"http:\/\/www.chorwacki.com\/blog\/wp-json\/wp\/v2\/media\/4489"}],"wp:attachment":[{"href":"http:\/\/www.chorwacki.com\/blog\/wp-json\/wp\/v2\/media?parent=4137"}],"wp:term":[{"taxonomy":"category","embeddable":true,"href":"http:\/\/www.chorwacki.com\/blog\/wp-json\/wp\/v2\/categories?post=4137"},{"taxonomy":"post_tag","embeddable":true,"href":"http:\/\/www.chorwacki.com\/blog\/wp-json\/wp\/v2\/tags?post=4137"}],"curies":[{"name":"wp","href":"https:\/\/api.w.org\/{rel}","templated":true}]}}