{"id":2216,"date":"2023-06-28T12:28:27","date_gmt":"2023-06-28T12:28:27","guid":{"rendered":"http:\/\/www.chorwacki.com\/blog\/?p=2216"},"modified":"2026-03-25T17:46:25","modified_gmt":"2026-03-25T17:46:25","slug":"tucepi-bajkowe-plaze-w-cieniu-sosen","status":"publish","type":"post","link":"http:\/\/www.chorwacki.com\/blog\/tucepi-bajkowe-plaze-w-cieniu-sosen\/","title":{"rendered":"Tu\u010depi \u2013 bajkowe, zacienione pla\u017ce na Riwierze Makarskiej"},"content":{"rendered":"<div id=\"ez-toc-container\" class=\"ez-toc-v2_0_48 counter-hierarchy ez-toc-counter ez-toc-grey ez-toc-container-direction\">\n<div class=\"ez-toc-title-container\">\n<p class=\"ez-toc-title\">Spis Tre\u015bci<\/p>\n<span class=\"ez-toc-title-toggle\"><a href=\"#\" class=\"ez-toc-pull-right ez-toc-btn ez-toc-btn-xs ez-toc-btn-default ez-toc-toggle\" aria-label=\"ez-toc-toggle-icon-1\"><label for=\"item-69ee6c9b5b3a2\" aria-label=\"Table of Content\"><span style=\"display: flex;align-items: center;width: 35px;height: 30px;justify-content: center;direction:ltr;\"><svg style=\"fill: #999;color:#999\" xmlns=\"http:\/\/www.w3.org\/2000\/svg\" class=\"list-377408\" width=\"20px\" height=\"20px\" viewBox=\"0 0 24 24\" fill=\"none\"><path d=\"M6 6H4v2h2V6zm14 0H8v2h12V6zM4 11h2v2H4v-2zm16 0H8v2h12v-2zM4 16h2v2H4v-2zm16 0H8v2h12v-2z\" fill=\"currentColor\"><\/path><\/svg><svg style=\"fill: #999;color:#999\" class=\"arrow-unsorted-368013\" xmlns=\"http:\/\/www.w3.org\/2000\/svg\" width=\"10px\" height=\"10px\" viewBox=\"0 0 24 24\" version=\"1.2\" baseProfile=\"tiny\"><path d=\"M18.2 9.3l-6.2-6.3-6.2 6.3c-.2.2-.3.4-.3.7s.1.5.3.7c.2.2.4.3.7.3h11c.3 0 .5-.1.7-.3.2-.2.3-.5.3-.7s-.1-.5-.3-.7zM5.8 14.7l6.2 6.3 6.2-6.3c.2-.2.3-.5.3-.7s-.1-.5-.3-.7c-.2-.2-.4-.3-.7-.3h-11c-.3 0-.5.1-.7.3-.2.2-.3.5-.3.7s.1.5.3.7z\"\/><\/svg><\/span><\/label><input  type=\"checkbox\" id=\"item-69ee6c9b5b3a2\"><\/a><\/span><\/div>\n<nav><ul class='ez-toc-list ez-toc-list-level-1 ' ><li class='ez-toc-page-1 ez-toc-heading-level-3'><a class=\"ez-toc-link ez-toc-heading-1\" href=\"http:\/\/www.chorwacki.com\/blog\/tucepi-bajkowe-plaze-w-cieniu-sosen\/#Polozenie_Tucepi\" title=\"Po\u0142o\u017cenie Tu\u010depi\">Po\u0142o\u017cenie Tu\u010depi<\/a><\/li><li class='ez-toc-page-1 ez-toc-heading-level-3'><a class=\"ez-toc-link ez-toc-heading-2\" href=\"http:\/\/www.chorwacki.com\/blog\/tucepi-bajkowe-plaze-w-cieniu-sosen\/#Odpoczynek_w_Tucepi\" title=\"Odpoczynek w Tu\u010depi\">Odpoczynek w Tu\u010depi<\/a><\/li><li class='ez-toc-page-1 ez-toc-heading-level-3'><a class=\"ez-toc-link ez-toc-heading-3\" href=\"http:\/\/www.chorwacki.com\/blog\/tucepi-bajkowe-plaze-w-cieniu-sosen\/#Zabytki_Tucepi\" title=\"Zabytki Tu\u010depi\">Zabytki Tu\u010depi<\/a><ul class='ez-toc-list-level-4'><li class='ez-toc-heading-level-4'><a class=\"ez-toc-link ez-toc-heading-4\" href=\"http:\/\/www.chorwacki.com\/blog\/tucepi-bajkowe-plaze-w-cieniu-sosen\/#Kosciol_sw_Jerzego\" title=\"Ko\u015bci\u00f3\u0142 \u015bw. Jerzego\">Ko\u015bci\u00f3\u0142 \u015bw. Jerzego<\/a><\/li><li class='ez-toc-page-1 ez-toc-heading-level-4'><a class=\"ez-toc-link ez-toc-heading-5\" href=\"http:\/\/www.chorwacki.com\/blog\/tucepi-bajkowe-plaze-w-cieniu-sosen\/#Kosciol_Narodzenia_Najswietszej_Marii_Panny\" title=\"Ko\u015bci\u00f3\u0142 Narodzenia Naj\u015bwi\u0119tszej Marii Panny \">Ko\u015bci\u00f3\u0142 Narodzenia Naj\u015bwi\u0119tszej Marii Panny <\/a><\/li><li class='ez-toc-page-1 ez-toc-heading-level-4'><a class=\"ez-toc-link ez-toc-heading-6\" href=\"http:\/\/www.chorwacki.com\/blog\/tucepi-bajkowe-plaze-w-cieniu-sosen\/#Zabudowania_we_wsi_Gornji_Tucepi\" title=\"Zabudowania we wsi Gornji Tu\u010depi\">Zabudowania we wsi Gornji Tu\u010depi<\/a><\/li><\/ul><\/li><li class='ez-toc-page-1 ez-toc-heading-level-3'><a class=\"ez-toc-link ez-toc-heading-7\" href=\"http:\/\/www.chorwacki.com\/blog\/tucepi-bajkowe-plaze-w-cieniu-sosen\/#Turystyka_w_Tucepi\" title=\"Turystyka w Tu\u010depi\">Turystyka w Tu\u010depi<\/a><\/li><li class='ez-toc-page-1 ez-toc-heading-level-3'><a class=\"ez-toc-link ez-toc-heading-8\" href=\"http:\/\/www.chorwacki.com\/blog\/tucepi-bajkowe-plaze-w-cieniu-sosen\/#Wycieczki_z_Tucepi\" title=\"Wycieczki z Tu\u010depi\">Wycieczki z Tu\u010depi<\/a><\/li><li class='ez-toc-page-1 ez-toc-heading-level-3'><a class=\"ez-toc-link ez-toc-heading-9\" href=\"http:\/\/www.chorwacki.com\/blog\/tucepi-bajkowe-plaze-w-cieniu-sosen\/#Ciekawostki_dotyczace_Tucepi\" title=\"Ciekawostki dotycz\u0105ce Tu\u010depi:\">Ciekawostki dotycz\u0105ce Tu\u010depi:<\/a><\/li><\/ul><\/nav><\/div>\n<p>Wizyt\u00f3wk\u0105 Tu\u010depi \u2013 miasteczka w po\u0142udniowej cz\u0119\u015bci \u015brodkowej Dalmacji jest jedna z najd\u0142u\u017cszych pla\u017c z przebiegaj\u0105c\u0105 wzd\u0142u\u017c niej promenad\u0105. Wi\u0119ksza cz\u0119\u015b\u0107 pla\u017cy jest zacieniona rosn\u0105cymi tu sosnami \u015br\u00f3dziemnomorskimi, co sprawia, \u017ce pobyt na pla\u017cy jest wyj\u0105tkowo relaksuj\u0105cy.<\/p>\n<h3><span class=\"ez-toc-section\" id=\"Polozenie_Tucepi\"><\/span><strong>Po\u0142o\u017cenie Tu\u010depi<\/strong><span class=\"ez-toc-section-end\"><\/span><\/h3>\n<p>Miasteczko jest po\u0142o\u017cone na Riwierze Makarskiej, b\u0119d\u0105cej jednym z najbardziej s\u0142onecznych obszar\u00f3w Chorwacji. Od g\u0142\u00f3wnego miasta riwiery \u2013 Makarskiej, jest oddalone o 5 kilometr\u00f3w.<\/p>\n<p>Lata s\u0105 tu wyj\u0105tkowo suche i ciep\u0142e. Ju\u017c w czerwcu temperatura powietrza wynosi oko\u0142o 30 stopni Celcjusza, podczas gdy w lipcu i sierpniu jest jeszcze wy\u017csza. Deszcze latem zdarzaj\u0105 si\u0119 rzadko i s\u0105 to czasami gwa\u0142towne, ale przelotne i szybko mijaj\u0105ce opady. Blisko\u015b\u0107 g\u00f3r sprawia natomiast, \u017ce wieczory bywaj\u0105 tu ch\u0142odniejsze ni\u017c w innych cz\u0119\u015bciach Dalmacji, odczuwalny jest te\u017c ch\u0142odniejszy, wieczorny wiatr.<\/p>\n<p><img decoding=\"async\" loading=\"lazy\" class=\"alignnone wp-image-2236 size-large\" src=\"http:\/\/www.chorwacki.com\/blog\/wp-content\/uploads\/2023\/06\/110_0576-1024x768.jpg\" alt=\"\" width=\"1024\" height=\"768\" srcset=\"http:\/\/www.chorwacki.com\/blog\/wp-content\/uploads\/2023\/06\/110_0576-1024x768.jpg 1024w, http:\/\/www.chorwacki.com\/blog\/wp-content\/uploads\/2023\/06\/110_0576-300x225.jpg 300w, http:\/\/www.chorwacki.com\/blog\/wp-content\/uploads\/2023\/06\/110_0576-768x576.jpg 768w, http:\/\/www.chorwacki.com\/blog\/wp-content\/uploads\/2023\/06\/110_0576-1536x1152.jpg 1536w, http:\/\/www.chorwacki.com\/blog\/wp-content\/uploads\/2023\/06\/110_0576-2048x1536.jpg 2048w, http:\/\/www.chorwacki.com\/blog\/wp-content\/uploads\/2023\/06\/110_0576-850x638.jpg 850w\" sizes=\"(max-width: 1024px) 100vw, 1024px\" \/><\/p>\n<h3><span class=\"ez-toc-section\" id=\"Odpoczynek_w_Tucepi\"><\/span><strong>Odpoczynek w Tu\u010depi<\/strong><span class=\"ez-toc-section-end\"><\/span><\/h3>\n<p>Miasteczko mo\u017ce poszczyci\u0107 si\u0119 najd\u0142u\u017csz\u0105, 3-kilometrow\u0105 pla\u017c\u0105 na ca\u0142ej Riwierze Makarskiej. Niemal na ca\u0142ej jej d\u0142ugo\u015bci znajdziemy liczne atrakcje \u2013 trampoliny i zje\u017cd\u017calnie wodne, wypo\u017cyczalnie sprz\u0119tu do p\u0142ywania, place zabaw, liczne bary i kawiarnie. Promenad\u0105 ci\u0105gn\u0105c\u0105 si\u0119 wzd\u0142u\u017c pla\u017cy mo\u017cna doj\u015b\u0107 do s\u0105siedniej miejscowo\u015bci \u2013 Podgory.<\/p>\n<p><img decoding=\"async\" loading=\"lazy\" class=\"alignnone wp-image-4709 size-large\" src=\"http:\/\/www.chorwacki.com\/blog\/wp-content\/uploads\/2023\/06\/20170808_112959-768x1024.jpg\" alt=\"zdj\u0119cie w\u0142asne\" width=\"768\" height=\"1024\" srcset=\"http:\/\/www.chorwacki.com\/blog\/wp-content\/uploads\/2023\/06\/20170808_112959-768x1024.jpg 768w, http:\/\/www.chorwacki.com\/blog\/wp-content\/uploads\/2023\/06\/20170808_112959-225x300.jpg 225w, http:\/\/www.chorwacki.com\/blog\/wp-content\/uploads\/2023\/06\/20170808_112959-1152x1536.jpg 1152w, http:\/\/www.chorwacki.com\/blog\/wp-content\/uploads\/2023\/06\/20170808_112959-1536x2048.jpg 1536w, http:\/\/www.chorwacki.com\/blog\/wp-content\/uploads\/2023\/06\/20170808_112959-scaled.jpg 1920w\" sizes=\"(max-width: 768px) 100vw, 768px\" \/><\/p>\n<p>Opr\u00f3cz pla\u017cy g\u0142\u00f3wnej, pomi\u0119dzy Tu\u010depi\u00a0 a Makakarsk\u0105 znajduje si\u0119 pla\u017ca Nugal przeznaczona dla nudyst\u00f3w. Do innych, mnie popularnych pla\u017c znajduj\u0105cych si\u0119 na trasie do Makarskiej nale\u017c\u0105: Lu\u010dica, Jadran, Kraj \u2013 Kamena Beach, Dracevac oraz Kraljev Gaj.<\/p>\n<h3><span class=\"ez-toc-section\" id=\"Zabytki_Tucepi\"><\/span><strong>Zabytki Tu\u010depi<\/strong><span class=\"ez-toc-section-end\"><\/span><\/h3>\n<p>Miejscowo\u015b\u0107 ma typowo turystyczny charakter i nie znajdziemy w niej spektakularnych zabytk\u00f3w, co nie znaczy \u017ce nie ma ich w og\u00f3le. Pierwsze wzmianki o Tu\u010depi pochodz\u0105 z dokumentu z 1434 roku zwanego \u201eKre\u0161evska povelja\u201d, napisanym w j\u0119zyku chorwackim i bo\u015bniackim, cho\u0107 ze znalezisk archeologicznych wiadomo, \u017ce miejsce to by\u0142o zamieszkane ju\u017c w czasach antycznych. \u00a0Nazwa miejscowo\u015bci \u2013 Tu\u010depi wywodzi si\u0119 z j\u0119zyka iliryjskiego i oznacza w wolnym t\u0142umaczeniu \u201eosad\u0119 nad \u017ar\u00f3d\u0142ami wody\u201d.<\/p>\n<h4><span class=\"ez-toc-section\" id=\"Kosciol_sw_Jerzego\"><\/span><strong>Ko\u015bci\u00f3\u0142 \u015bw. Jerzego<\/strong><span class=\"ez-toc-section-end\"><\/span><\/h4>\n<p>Do zabytk\u00f3w, kt\u00f3re warto zobaczy\u0107 nale\u017cy wybudowany w 1311 roku ko\u015bci\u00f3\u0142 \u015bw. Jerzego (crkva sv. Jurja). Jest to male\u0144ki ko\u015bci\u00f3\u0142, b\u0119d\u0105cy wczesnochrze\u015bcija\u0144sk\u0105 bazylik\u0105, jedn\u0105 z nielicznych, kt\u00f3ra zachowa\u0142a si\u0119 w pierwotnej postaci. Obok ko\u015bci\u00f3\u0142ka wida\u0107 pozosta\u0142o\u015bci po rzymskiej <em>villa rusticae<\/em> z I-II w. n.e. Wed\u0142ug legendy, przy ko\u015bci\u00f3\u0142ku pochowano weneckiego do\u017c\u0119 Petra Kandiano po przegranej bitwie morskiej z Narentanami i mieszka\u0144cami Omi\u0161a w roku 887. Ko\u015bci\u00f3\u0142 jest jednonawow\u0105 budowl\u0105 w stylu roma\u0144skim, z p\u00f3\u0142kolist\u0105 absyd\u0105. Wn\u0119trze ko\u015bcio\u0142a zosta\u0142o ozdobione wymalowanymi krzy\u017cami.<\/p>\n<figure id=\"attachment_4710\" aria-describedby=\"caption-attachment-4710\" style=\"width: 469px\" class=\"wp-caption alignright\"><img decoding=\"async\" loading=\"lazy\" class=\"wp-image-4710 \" src=\"http:\/\/www.chorwacki.com\/blog\/wp-content\/uploads\/2023\/06\/960px-Crkva_sv._Jure_Tucepi_-_procelje-768x1024.jpg\" alt=\"\" width=\"469\" height=\"625\" srcset=\"http:\/\/www.chorwacki.com\/blog\/wp-content\/uploads\/2023\/06\/960px-Crkva_sv._Jure_Tucepi_-_procelje-768x1024.jpg 768w, http:\/\/www.chorwacki.com\/blog\/wp-content\/uploads\/2023\/06\/960px-Crkva_sv._Jure_Tucepi_-_procelje-225x300.jpg 225w, http:\/\/www.chorwacki.com\/blog\/wp-content\/uploads\/2023\/06\/960px-Crkva_sv._Jure_Tucepi_-_procelje.jpg 960w\" sizes=\"(max-width: 469px) 100vw, 469px\" \/><figcaption id=\"caption-attachment-4710\" class=\"wp-caption-text\">Ko\u015bci\u00f3\u0142 \u015bw. Jerzego w Tucepi<a href=\"https:\/\/commons.wikimedia.org\/wiki\/File:Crkva_sv._Jure,_Tu%C4%8Depi_-_pro%C4%8Delje.jpg\">Silverije<\/a>, <a href=\"https:\/\/creativecommons.org\/licenses\/by-sa\/3.0\">CC BY-SA 3.0<\/a>, via Wikimedia Commons<\/figcaption><\/figure>\n<h4><span class=\"ez-toc-section\" id=\"Kosciol_Narodzenia_Najswietszej_Marii_Panny\"><\/span><strong>Ko\u015bci\u00f3\u0142 Narodzenia Naj\u015bwi\u0119tszej Marii Panny <\/strong><span class=\"ez-toc-section-end\"><\/span><\/h4>\n<p>Znajduje si\u0119 po drugiej stronie miasta. Zosta\u0142 wybudowany w 1703 r. w miejscu starszej \u015bwi\u0105tyni. Jest to jednonawowa budowla barokowa. W 1962 roku ko\u015bci\u00f3\u0142 zosta\u0142 zniszczony podczas trz\u0119sienia ziemi, a jego odbudow\u0119 przeprowadzono zgodnie z planami oryginalnego budynku. Obok ko\u015bcio\u0142a znajduj\u0105 si\u0119 \u015bredniowieczne nagrobki zdobione rze\u017abionymi krzy\u017cami, mieczami oraz muszlami.<\/p>\n<h4><span class=\"ez-toc-section\" id=\"Zabudowania_we_wsi_Gornji_Tucepi\"><\/span><strong>Zabudowania we wsi Gornji Tu\u010depi<\/strong><span class=\"ez-toc-section-end\"><\/span><\/h4>\n<p>Miejscem wartym odwiedzenia s\u0105 okolice wsi Gornji Tu\u010depi, po\u0142o\u017cone na zboczu g\u00f3ry przy drodze do miejscowo\u015bci Vrgovac. W centrum wsi znajduje si\u0119 ko\u015bci\u00f3\u0142 \u015bw. Antoniego Padewskiego (sv. Ante Padovanski), z charakterystyczn\u0105 wie\u017c\u0105 przywodz\u0105c\u0105 na my\u015bl w\u0142oskie \u015bwi\u0105tynie.<\/p>\n<figure id=\"attachment_2220\" aria-describedby=\"caption-attachment-2220\" style=\"width: 605px\" class=\"wp-caption alignleft\"><img decoding=\"async\" loading=\"lazy\" class=\"wp-image-2220 \" src=\"http:\/\/www.chorwacki.com\/blog\/wp-content\/uploads\/2023\/06\/Tucepi-crkva-ante-padovanski2.jpg\" alt=\"\" width=\"605\" height=\"453\" srcset=\"http:\/\/www.chorwacki.com\/blog\/wp-content\/uploads\/2023\/06\/Tucepi-crkva-ante-padovanski2.jpg 1024w, http:\/\/www.chorwacki.com\/blog\/wp-content\/uploads\/2023\/06\/Tucepi-crkva-ante-padovanski2-300x224.jpg 300w, http:\/\/www.chorwacki.com\/blog\/wp-content\/uploads\/2023\/06\/Tucepi-crkva-ante-padovanski2-768x575.jpg 768w, http:\/\/www.chorwacki.com\/blog\/wp-content\/uploads\/2023\/06\/Tucepi-crkva-ante-padovanski2-850x636.jpg 850w\" sizes=\"(max-width: 605px) 100vw, 605px\" \/><figcaption id=\"caption-attachment-2220\" class=\"wp-caption-text\">Ko\u015bci\u00f3\u0142 \u015bw. Antoniego Padewskiego w miejscowo\u015bci Tu\u010depi w Chorwacji. <a href=\"https:\/\/commons.wikimedia.org\/wiki\/File:Crkva_sv._Ante_Tu%C4%8Depi.jpg\">See page for author<\/a>, <a href=\"https:\/\/creativecommons.org\/licenses\/by-sa\/3.0\/hr\/deed.en\">CC BY-SA 3.0 HR<\/a>, via Wikimedia Commons<\/figcaption><\/figure>\n<p>Ko\u015bci\u00f3\u0142 zosta\u0142 wzniesiony na prze\u0142omie XIX i XX wieku w stylu klasycystycznym. W \u015brodku mo\u017cna obejrze\u0107 trzy barokowe o\u0142tarze oraz nakryte kopu\u0142\u0105 prezbiterium utrzymane w pomara\u0144czowo-br\u0105zowej kolorystyce.<\/p>\n<p><strong>Ko\u015bcio\u0142y \u015bw. Katarzyny i \u015bw. Rocha<\/strong><\/p>\n<p>Na p\u00f3\u0142noc od Tu\u010depi znajduje si\u0119 skromny ko\u015bci\u00f3\u0142 \u015bw. Katarzyny (sv. Kate) z 1541 roku, a na wsch\u00f3d, schowany po\u015br\u00f3d drzew \u2013 ko\u015bci\u00f3\u0142ek \u015bw. Rocha (sv. Rok) zbudowany na prze\u0142omie XIX i XX wieku.<\/p>\n<h3><span class=\"ez-toc-section\" id=\"Turystyka_w_Tucepi\"><\/span><strong>Turystyka w Tu\u010depi<\/strong><span class=\"ez-toc-section-end\"><\/span><\/h3>\n<p>Jako miasteczko turystyczne, Tu\u010depi zacz\u0119\u0142o rozwija\u0107 si\u0119 w latach 60. XX wieku, kiedy to rozpocz\u0119to budow\u0119 dom\u00f3w z miejscami noclegowymi dla coraz liczniej przybywaj\u0105cych tu turyst\u00f3w. Od tamtej pory wi\u0119kszo\u015b\u0107 mieszka\u0144c\u00f3w miasteczka utrzymuje si\u0119 z turystyki.<\/p>\n<figure id=\"attachment_4711\" aria-describedby=\"caption-attachment-4711\" style=\"width: 861px\" class=\"wp-caption alignleft\"><img decoding=\"async\" loading=\"lazy\" class=\"wp-image-4711 \" src=\"http:\/\/www.chorwacki.com\/blog\/wp-content\/uploads\/2023\/06\/960px-Boardwalk_in_Tucepi.jpg\" alt=\"\" width=\"861\" height=\"646\" srcset=\"http:\/\/www.chorwacki.com\/blog\/wp-content\/uploads\/2023\/06\/960px-Boardwalk_in_Tucepi.jpg 960w, http:\/\/www.chorwacki.com\/blog\/wp-content\/uploads\/2023\/06\/960px-Boardwalk_in_Tucepi-300x225.jpg 300w, http:\/\/www.chorwacki.com\/blog\/wp-content\/uploads\/2023\/06\/960px-Boardwalk_in_Tucepi-768x576.jpg 768w\" sizes=\"(max-width: 861px) 100vw, 861px\" \/><figcaption id=\"caption-attachment-4711\" class=\"wp-caption-text\">Deptak w Tu\u010depi <a href=\"https:\/\/commons.wikimedia.org\/wiki\/File:Boardwalk_in_Tucepi.jpg\">vacation2<\/a>, <a href=\"https:\/\/creativecommons.org\/licenses\/by\/2.0\">CC BY 2.0<\/a>, via Wikimedia Commons<\/figcaption><\/figure>\n<p>Pierwszy hotel o nazwie &#8222;Jadran&#8221; zosta\u0142 uruchomiony w 1954 roku i by\u0142 zlokalizowany tu\u017c przy pla\u017cy w otoczeniu sosnowych las\u00f3w. By\u0142 to jeden z najbardziej luksusowych jugos\u0142owia\u0144skich hoteli nad Adriatykiem. Funkcjonowa\u0142 do ko\u0144ca lat 80. minionego wieku. W p\u00f3\u017aniejszym okresie zosta\u0142o opuszczony i zdewastowany, a obecnie (od 2017 roku) po renowacji jest zn\u00f3w otwarty dla turyst\u00f3w. O historii tego niezwyk\u0142ego hotelu mo\u017cecie przeczyta\u0107 <a href=\"http:\/\/www.chorwacki.com\/blog\/historia-hotelu-jadran-w-miejscowosci-tucepi\/\">tutaj<\/a><\/p>\n<h3><span class=\"ez-toc-section\" id=\"Wycieczki_z_Tucepi\"><\/span><strong>Wycieczki z Tu\u010depi<\/strong><span class=\"ez-toc-section-end\"><\/span><\/h3>\n<p>Tu\u010depi jest doskona\u0142ym punktem wypadowym do le\u017c\u0105cych w okolicy miejscowo\u015bci, kt\u00f3re mo\u017cna zwiedzi\u0107 w czasie nawet jednodniowych wycieczek. W szczeg\u00f3lno\u015bci warto odwiedzi\u0107 le\u017c\u0105cy w odleg\u0142o\u015bci ok. 70 km Split czy Trogir (oddalony o 90 km). Od Dubrownika Tu\u010depi jest oddalone o 150 km.\u00a0 Inne warte zobaczenia miejscowo\u015bci \u201eb\u0119d\u0105ce w zasi\u0119gu\u201d podczas pobytu tutaj to Makarska, Omi\u0161 czy le\u017c\u0105cy w Bo\u015bni Mostar oraz Medziugorje.<\/p>\n<h3><span class=\"ez-toc-section\" id=\"Ciekawostki_dotyczace_Tucepi\"><\/span><strong>Ciekawostki dotycz\u0105ce Tu\u010depi:<\/strong><span class=\"ez-toc-section-end\"><\/span><\/h3>\n<p>&#8211; w dniu 13 czerwca obchodzone jest \u015bwi\u0119to miasta;<\/p>\n<p>&#8211; w Tu\u010depi swoj\u0105 siedzib\u0119 maj\u0105 kluby sportowe NK Jadran (pi\u0142ki no\u017cnej) oraz Vaterpolski klub Dupin (pi\u0142ki wodnej)<\/p>\n<p>&#8211; w sezonie letnim w mie\u015bcie organizowany jest ciekawy program artystyczny, na kt\u00f3ry sk\u0142adaj\u0105 si\u0119 wyst\u0119py lokalnych grup tanecznych, pie\u015bniarzy, wyst\u0119py autorskie czy koncerty klap &#8211; wi\u0119kszo\u015b\u0107 wydarze\u0144 odbywa si\u0119 w centrum miasteczka.<\/p>\n<p>W ostatnich latach miasto sprawia wra\u017cenie przyt\u0142oczonego du\u017c\u0105 liczn\u0105 turyst\u00f3w, a pla\u017ce nale\u017c\u0105 do jednych z najbardziej zat\u0142oczonych na Riwierze Makarskiej. Nieco spokojniej jest przed i po sezonie, kiedy to z \u0142atwo\u015bci\u0105 mo\u017cna znale\u017a\u0107 wolne miejsca w prywatnych apartamentach, a tak\u017ce nieco wi\u0119cej swobody na pla\u017cy. Niezale\u017cnie od wszystkiego, warto jednak cho\u0107 raz tutaj przyjecha\u0107&#8230;<\/p>\n<p><strong>\u00a0<\/strong><\/p>\n","protected":false},"excerpt":{"rendered":"<p>Wizyt\u00f3wk\u0105 Tu\u010depi \u2013 miasteczka w po\u0142udniowej cz\u0119\u015bci \u015brodkowej Dalmacji jest jedna z najd\u0142u\u017cszych pla\u017c z przebiegaj\u0105c\u0105 wzd\u0142u\u017c niej promenad\u0105. Wi\u0119ksza<\/p>\n","protected":false},"author":1,"featured_media":2224,"comment_status":"closed","ping_status":"open","sticky":false,"template":"","format":"standard","meta":[],"categories":[1606],"tags":[1741,1744,1743,1745],"_links":{"self":[{"href":"http:\/\/www.chorwacki.com\/blog\/wp-json\/wp\/v2\/posts\/2216"}],"collection":[{"href":"http:\/\/www.chorwacki.com\/blog\/wp-json\/wp\/v2\/posts"}],"about":[{"href":"http:\/\/www.chorwacki.com\/blog\/wp-json\/wp\/v2\/types\/post"}],"author":[{"embeddable":true,"href":"http:\/\/www.chorwacki.com\/blog\/wp-json\/wp\/v2\/users\/1"}],"replies":[{"embeddable":true,"href":"http:\/\/www.chorwacki.com\/blog\/wp-json\/wp\/v2\/comments?post=2216"}],"version-history":[{"count":10,"href":"http:\/\/www.chorwacki.com\/blog\/wp-json\/wp\/v2\/posts\/2216\/revisions"}],"predecessor-version":[{"id":4712,"href":"http:\/\/www.chorwacki.com\/blog\/wp-json\/wp\/v2\/posts\/2216\/revisions\/4712"}],"wp:featuredmedia":[{"embeddable":true,"href":"http:\/\/www.chorwacki.com\/blog\/wp-json\/wp\/v2\/media\/2224"}],"wp:attachment":[{"href":"http:\/\/www.chorwacki.com\/blog\/wp-json\/wp\/v2\/media?parent=2216"}],"wp:term":[{"taxonomy":"category","embeddable":true,"href":"http:\/\/www.chorwacki.com\/blog\/wp-json\/wp\/v2\/categories?post=2216"},{"taxonomy":"post_tag","embeddable":true,"href":"http:\/\/www.chorwacki.com\/blog\/wp-json\/wp\/v2\/tags?post=2216"}],"curies":[{"name":"wp","href":"https:\/\/api.w.org\/{rel}","templated":true}]}}