{"id":2060,"date":"2023-06-26T07:36:40","date_gmt":"2023-06-26T07:36:40","guid":{"rendered":"http:\/\/www.chorwacki.com\/blog\/?p=2060"},"modified":"2025-12-03T17:26:31","modified_gmt":"2025-12-03T17:26:31","slug":"wyspa-krk-urocza-wyspa-na-wodach-zatoki-kvarnerskiej","status":"publish","type":"post","link":"http:\/\/www.chorwacki.com\/blog\/wyspa-krk-urocza-wyspa-na-wodach-zatoki-kvarnerskiej\/","title":{"rendered":"Wyspa Krk \u2013 urocza wyspa na wodach Zatoki Kvarnerskiej"},"content":{"rendered":"<div id=\"ez-toc-container\" class=\"ez-toc-v2_0_48 counter-hierarchy ez-toc-counter ez-toc-grey ez-toc-container-direction\">\n<div class=\"ez-toc-title-container\">\n<p class=\"ez-toc-title\">Spis Tre\u015bci<\/p>\n<span class=\"ez-toc-title-toggle\"><a href=\"#\" class=\"ez-toc-pull-right ez-toc-btn ez-toc-btn-xs ez-toc-btn-default ez-toc-toggle\" aria-label=\"ez-toc-toggle-icon-1\"><label for=\"item-69ee9279d522f\" aria-label=\"Table of Content\"><span style=\"display: flex;align-items: center;width: 35px;height: 30px;justify-content: center;direction:ltr;\"><svg style=\"fill: #999;color:#999\" xmlns=\"http:\/\/www.w3.org\/2000\/svg\" class=\"list-377408\" width=\"20px\" height=\"20px\" viewBox=\"0 0 24 24\" fill=\"none\"><path d=\"M6 6H4v2h2V6zm14 0H8v2h12V6zM4 11h2v2H4v-2zm16 0H8v2h12v-2zM4 16h2v2H4v-2zm16 0H8v2h12v-2z\" fill=\"currentColor\"><\/path><\/svg><svg style=\"fill: #999;color:#999\" class=\"arrow-unsorted-368013\" xmlns=\"http:\/\/www.w3.org\/2000\/svg\" width=\"10px\" height=\"10px\" viewBox=\"0 0 24 24\" version=\"1.2\" baseProfile=\"tiny\"><path d=\"M18.2 9.3l-6.2-6.3-6.2 6.3c-.2.2-.3.4-.3.7s.1.5.3.7c.2.2.4.3.7.3h11c.3 0 .5-.1.7-.3.2-.2.3-.5.3-.7s-.1-.5-.3-.7zM5.8 14.7l6.2 6.3 6.2-6.3c.2-.2.3-.5.3-.7s-.1-.5-.3-.7c-.2-.2-.4-.3-.7-.3h-11c-.3 0-.5.1-.7.3-.2.2-.3.5-.3.7s.1.5.3.7z\"\/><\/svg><\/span><\/label><input  type=\"checkbox\" id=\"item-69ee9279d522f\"><\/a><\/span><\/div>\n<nav><ul class='ez-toc-list ez-toc-list-level-1 ' ><li class='ez-toc-page-1 ez-toc-heading-level-3'><a class=\"ez-toc-link ez-toc-heading-1\" href=\"http:\/\/www.chorwacki.com\/blog\/wyspa-krk-urocza-wyspa-na-wodach-zatoki-kvarnerskiej\/#Miejsca_na_wyspie_Krk_w_ktorych_warto_sie_zatrzymac\" title=\"Miejsca na wyspie Krk, w kt\u00f3rych warto si\u0119 zatrzyma\u0107\">Miejsca na wyspie Krk, w kt\u00f3rych warto si\u0119 zatrzyma\u0107<\/a><ul class='ez-toc-list-level-4'><li class='ez-toc-heading-level-4'><a class=\"ez-toc-link ez-toc-heading-2\" href=\"http:\/\/www.chorwacki.com\/blog\/wyspa-krk-urocza-wyspa-na-wodach-zatoki-kvarnerskiej\/#Stolica_wyspy_%E2%80%93_miasteczko_Krk\" title=\"Stolica wyspy &#8211; miasteczko Krk\">Stolica wyspy &#8211; miasteczko Krk<\/a><\/li><li class='ez-toc-page-1 ez-toc-heading-level-4'><a class=\"ez-toc-link ez-toc-heading-3\" href=\"http:\/\/www.chorwacki.com\/blog\/wyspa-krk-urocza-wyspa-na-wodach-zatoki-kvarnerskiej\/#Baska\" title=\"Ba\u0161ka\">Ba\u0161ka<\/a><\/li><li class='ez-toc-page-1 ez-toc-heading-level-4'><a class=\"ez-toc-link ez-toc-heading-4\" href=\"http:\/\/www.chorwacki.com\/blog\/wyspa-krk-urocza-wyspa-na-wodach-zatoki-kvarnerskiej\/#Stara_Baska\" title=\"Stara Ba\u0161ka\">Stara Ba\u0161ka<\/a><\/li><li class='ez-toc-page-1 ez-toc-heading-level-4'><a class=\"ez-toc-link ez-toc-heading-5\" href=\"http:\/\/www.chorwacki.com\/blog\/wyspa-krk-urocza-wyspa-na-wodach-zatoki-kvarnerskiej\/#Jurandvor\" title=\"Jurandvor\">Jurandvor<\/a><\/li><li class='ez-toc-page-1 ez-toc-heading-level-4'><a class=\"ez-toc-link ez-toc-heading-6\" href=\"http:\/\/www.chorwacki.com\/blog\/wyspa-krk-urocza-wyspa-na-wodach-zatoki-kvarnerskiej\/#Jaskinia_Biserujka\" title=\"Jaskinia Biserujka\">Jaskinia Biserujka<\/a><\/li><\/ul><\/li><\/ul><\/nav><\/div>\n\n<p>Wyspa Krk po\u0142o\u017cona jest 30 kilometr\u00f3w od Rijeki i jest najwi\u0119ksz\u0105 wysp\u0105 Adriatyku. &nbsp;Na wysp\u0119 mo\u017cna wjecha\u0107 maj\u0105cym 1430 metr\u00f3w mostem, \u0142\u0105cz\u0105cym j\u0105 ze sta\u0142ym l\u0105dem. Most zbudowano w 1980 roku, a wi\u0119c jeszcze w czasach Jugos\u0142awii. Za przejazd mostem pobierano niegdy\u015b op\u0142aty, kt\u00f3re w 2020 roku zosta\u0142y zniesione. Mo\u017cliwo\u015b\u0107 szybkiego i \u0142atwego dotarcia na wysp\u0119, bez konieczno\u015bci przepraw promowych powoduje, \u017ce jest to jedna z najch\u0119tniej odwiedzanych przez turyst\u00f3w chorwackich wysp.<\/p>\n\n\n\n<h3 class=\"wp-block-heading\"><span class=\"ez-toc-section\" id=\"Miejsca_na_wyspie_Krk_w_ktorych_warto_sie_zatrzymac\"><\/span><strong>Miejsca na wyspie Krk, w kt\u00f3rych warto si\u0119 zatrzyma\u0107<\/strong><span class=\"ez-toc-section-end\"><\/span><\/h3>\n\n\n\n<h4 class=\"wp-block-heading\"><span class=\"ez-toc-section\" id=\"Stolica_wyspy_%E2%80%93_miasteczko_Krk\"><\/span><strong>Stolica wyspy &#8211; miasteczko Krk<\/strong><span class=\"ez-toc-section-end\"><\/span><\/h4>\n\n\n\n<p><strong><em>Krk<\/em> <\/strong>to g\u0142\u00f3wne miasteczko wyspy i jej stolica z typow\u0105 atmosfer\u0105 \u015br\u00f3dziemnomorskiego miejsca. Otaczaj\u0105 je mury wzniesione w 1407 roku przez Frankopan\u00f3w &#8211; jedn\u0105 z najbardziej znanych chorwackich rodzin szlacheckich. Miasteczko ma urocz\u0105 star\u00f3wk\u0119 z zachowanymi domami Frankopan\u00f3w, pa\u0142acem biskupim i zamkiem wznosz\u0105cym si\u0119 tu\u017c przy morzu. Id\u0105c od zamku deptakiem Kamplin, trafiamy do roma\u0144skiej katedry Wniebowzi\u0119cia Naj\u015bwi\u0119tszej Maryi Panny, wzniesionej na pozosta\u0142o\u015bciach po starochrze\u015bcija\u0144skiej bazylice z V w. Warto r\u00f3wnie\u017c skupi\u0107 uwag\u0119 na \u015bwi\u0105tyni Wenus, jedynym przybytku po\u015bwi\u0119conym bogini mi\u0142o\u015bci, kt\u00f3ry mo\u017cna odnale\u017a\u0107 po wschodniej stronie Adriatyku.<\/p>\n\n\n\n<p>Na rynku Starego Miasta znajduje si\u0119 ratusz miejski z XV w. Znajduj\u0105cy si\u0119 na ratuszu zegar wyr\u00f3\u017cnia szczeg\u00f3lna cecha \u2013 przedstawia on wszystkie dwadzie\u015bcia cztery godziny doby.<\/p>\n\n\n\n<figure class=\"wp-block-image\"><img decoding=\"async\" loading=\"lazy\" width=\"1024\" height=\"768\" src=\"http:\/\/www.chorwacki.com\/blog\/wp-content\/uploads\/2023\/06\/DSC_1723-1024x768.jpg\" alt=\"\" class=\"wp-image-2066\" srcset=\"http:\/\/www.chorwacki.com\/blog\/wp-content\/uploads\/2023\/06\/DSC_1723-1024x768.jpg 1024w, http:\/\/www.chorwacki.com\/blog\/wp-content\/uploads\/2023\/06\/DSC_1723-300x225.jpg 300w, http:\/\/www.chorwacki.com\/blog\/wp-content\/uploads\/2023\/06\/DSC_1723-768x576.jpg 768w, http:\/\/www.chorwacki.com\/blog\/wp-content\/uploads\/2023\/06\/DSC_1723-1536x1152.jpg 1536w, http:\/\/www.chorwacki.com\/blog\/wp-content\/uploads\/2023\/06\/DSC_1723-2048x1536.jpg 2048w, http:\/\/www.chorwacki.com\/blog\/wp-content\/uploads\/2023\/06\/DSC_1723-850x638.jpg 850w\" sizes=\"(max-width: 1024px) 100vw, 1024px\" \/><\/figure>\n\n\n\n<figure class=\"wp-block-image\"><img decoding=\"async\" loading=\"lazy\" width=\"1024\" height=\"768\" src=\"http:\/\/www.chorwacki.com\/blog\/wp-content\/uploads\/2023\/06\/DSC_1728-1024x768.jpg\" alt=\"\" class=\"wp-image-2070\" srcset=\"http:\/\/www.chorwacki.com\/blog\/wp-content\/uploads\/2023\/06\/DSC_1728-1024x768.jpg 1024w, http:\/\/www.chorwacki.com\/blog\/wp-content\/uploads\/2023\/06\/DSC_1728-300x225.jpg 300w, http:\/\/www.chorwacki.com\/blog\/wp-content\/uploads\/2023\/06\/DSC_1728-768x576.jpg 768w, http:\/\/www.chorwacki.com\/blog\/wp-content\/uploads\/2023\/06\/DSC_1728-1536x1152.jpg 1536w, http:\/\/www.chorwacki.com\/blog\/wp-content\/uploads\/2023\/06\/DSC_1728-2048x1536.jpg 2048w, http:\/\/www.chorwacki.com\/blog\/wp-content\/uploads\/2023\/06\/DSC_1728-850x638.jpg 850w\" sizes=\"(max-width: 1024px) 100vw, 1024px\" \/><\/figure>\n\n\n\n<figure class=\"wp-block-image\"><img decoding=\"async\" loading=\"lazy\" width=\"1024\" height=\"768\" src=\"http:\/\/www.chorwacki.com\/blog\/wp-content\/uploads\/2023\/06\/DSC_1727-1024x768.jpg\" alt=\"\" class=\"wp-image-2069\" srcset=\"http:\/\/www.chorwacki.com\/blog\/wp-content\/uploads\/2023\/06\/DSC_1727-1024x768.jpg 1024w, http:\/\/www.chorwacki.com\/blog\/wp-content\/uploads\/2023\/06\/DSC_1727-300x225.jpg 300w, http:\/\/www.chorwacki.com\/blog\/wp-content\/uploads\/2023\/06\/DSC_1727-768x576.jpg 768w, http:\/\/www.chorwacki.com\/blog\/wp-content\/uploads\/2023\/06\/DSC_1727-1536x1152.jpg 1536w, http:\/\/www.chorwacki.com\/blog\/wp-content\/uploads\/2023\/06\/DSC_1727-2048x1536.jpg 2048w, http:\/\/www.chorwacki.com\/blog\/wp-content\/uploads\/2023\/06\/DSC_1727-850x638.jpg 850w\" sizes=\"(max-width: 1024px) 100vw, 1024px\" \/><\/figure>\n\n\n\n<figure class=\"wp-block-image\"><img decoding=\"async\" loading=\"lazy\" width=\"1024\" height=\"768\" src=\"http:\/\/www.chorwacki.com\/blog\/wp-content\/uploads\/2023\/06\/DSC_1726-1024x768.jpg\" alt=\"\" class=\"wp-image-2068\" srcset=\"http:\/\/www.chorwacki.com\/blog\/wp-content\/uploads\/2023\/06\/DSC_1726-1024x768.jpg 1024w, http:\/\/www.chorwacki.com\/blog\/wp-content\/uploads\/2023\/06\/DSC_1726-300x225.jpg 300w, http:\/\/www.chorwacki.com\/blog\/wp-content\/uploads\/2023\/06\/DSC_1726-768x576.jpg 768w, http:\/\/www.chorwacki.com\/blog\/wp-content\/uploads\/2023\/06\/DSC_1726-1536x1152.jpg 1536w, http:\/\/www.chorwacki.com\/blog\/wp-content\/uploads\/2023\/06\/DSC_1726-2048x1536.jpg 2048w, http:\/\/www.chorwacki.com\/blog\/wp-content\/uploads\/2023\/06\/DSC_1726-850x638.jpg 850w\" sizes=\"(max-width: 1024px) 100vw, 1024px\" \/><\/figure>\n\n\n\n<figure class=\"wp-block-image\"><a href=\"http:\/\/www.chorwacki.com\/blog\/wp-content\/uploads\/2023\/06\/DSC_1730-scaled.jpg\"><img decoding=\"async\" loading=\"lazy\" width=\"300\" height=\"225\" src=\"http:\/\/www.chorwacki.com\/blog\/wp-content\/uploads\/2023\/06\/DSC_1730-300x225.jpg\" alt=\"\" class=\"wp-image-2072\" srcset=\"http:\/\/www.chorwacki.com\/blog\/wp-content\/uploads\/2023\/06\/DSC_1730-300x225.jpg 300w, http:\/\/www.chorwacki.com\/blog\/wp-content\/uploads\/2023\/06\/DSC_1730-1024x768.jpg 1024w, http:\/\/www.chorwacki.com\/blog\/wp-content\/uploads\/2023\/06\/DSC_1730-768x576.jpg 768w, http:\/\/www.chorwacki.com\/blog\/wp-content\/uploads\/2023\/06\/DSC_1730-1536x1152.jpg 1536w, http:\/\/www.chorwacki.com\/blog\/wp-content\/uploads\/2023\/06\/DSC_1730-2048x1536.jpg 2048w, http:\/\/www.chorwacki.com\/blog\/wp-content\/uploads\/2023\/06\/DSC_1730-850x638.jpg 850w\" sizes=\"(max-width: 300px) 100vw, 300px\" \/><\/a><\/figure>\n\n\n\n<figure class=\"wp-block-image\"><a href=\"http:\/\/www.chorwacki.com\/blog\/wp-content\/uploads\/2023\/06\/DSC_1729-scaled.jpg\"><img decoding=\"async\" loading=\"lazy\" width=\"300\" height=\"225\" src=\"http:\/\/www.chorwacki.com\/blog\/wp-content\/uploads\/2023\/06\/DSC_1729-300x225.jpg\" alt=\"\" class=\"wp-image-2071\" srcset=\"http:\/\/www.chorwacki.com\/blog\/wp-content\/uploads\/2023\/06\/DSC_1729-300x225.jpg 300w, http:\/\/www.chorwacki.com\/blog\/wp-content\/uploads\/2023\/06\/DSC_1729-1024x768.jpg 1024w, http:\/\/www.chorwacki.com\/blog\/wp-content\/uploads\/2023\/06\/DSC_1729-768x576.jpg 768w, http:\/\/www.chorwacki.com\/blog\/wp-content\/uploads\/2023\/06\/DSC_1729-1536x1152.jpg 1536w, http:\/\/www.chorwacki.com\/blog\/wp-content\/uploads\/2023\/06\/DSC_1729-2048x1536.jpg 2048w, http:\/\/www.chorwacki.com\/blog\/wp-content\/uploads\/2023\/06\/DSC_1729-850x638.jpg 850w\" sizes=\"(max-width: 300px) 100vw, 300px\" \/><\/a><\/figure>\n\n\n\n<p>Krk warto odwiedzi\u0107 r\u00f3wnie\u017c podczas pobytu w okolicznych miasteczkach Zatoki Kvarnerskiej. Na zwiedzanie miasteczka warto zarezerwowa\u0107 sobie co najmniej kilka godzin plus dodatkowy czas na ewentualny posi\u0142ek. W sezonie letnim miasteczko bywa bardzo zat\u0142oczone, nie ma jednak wi\u0119kszych problem\u00f3w ze znalezieniem miejsca parkingowego dla samochodu. Wi\u0119kszy parking jest po\u0142o\u017cony tu\u017c za wjazdem do miasta, przy przystani.<\/p>\n\n\n\n<h4 class=\"wp-block-heading\"><span class=\"ez-toc-section\" id=\"Baska\"><\/span><strong>Ba\u0161ka<\/strong><span class=\"ez-toc-section-end\"><\/span><\/h4>\n\n\n\n<p>Stare miasteczko po\u0142o\u017cone w po\u0142udniowo-wschodniej cz\u0119\u015b\u0107 wyspy, po\u0142o\u017cone na zatok\u0105 otoczon\u0105 bia\u0142ymi wapiennymi ska\u0142ami i bujn\u0105 ro\u015blinno\u015bci\u0105. W Ba\u0161ce znajduje si\u0119 najd\u0142u\u017csza u wybrze\u017ca Adriatyku \u017cwirowa pla\u017ca (Vela pla\u017ea), licz\u0105ca 1800 metr\u00f3w d\u0142ugo\u015bci. Jest to pla\u017ca z certyfikatem Europejskiej B\u0142\u0119kitnej Flagi, przyznawanym wy\u0142\u0105cznie najczystszym pla\u017com z pe\u0142n\u0105 infrastruktur\u0105. Najlepszym punktem widokowym miasteczka jest kaplica Sveti Ivan znajduj\u0105ca si\u0119 na wzg\u00f3rzu.<\/p>\n\n\n\n<figure class=\"wp-block-image\"><img decoding=\"async\" loading=\"lazy\" width=\"1024\" height=\"768\" src=\"http:\/\/www.chorwacki.com\/blog\/wp-content\/uploads\/2023\/06\/DSC_1745-1024x768.jpg\" alt=\"\" class=\"wp-image-2081\" srcset=\"http:\/\/www.chorwacki.com\/blog\/wp-content\/uploads\/2023\/06\/DSC_1745-1024x768.jpg 1024w, http:\/\/www.chorwacki.com\/blog\/wp-content\/uploads\/2023\/06\/DSC_1745-300x225.jpg 300w, http:\/\/www.chorwacki.com\/blog\/wp-content\/uploads\/2023\/06\/DSC_1745-768x576.jpg 768w, http:\/\/www.chorwacki.com\/blog\/wp-content\/uploads\/2023\/06\/DSC_1745-1536x1152.jpg 1536w, http:\/\/www.chorwacki.com\/blog\/wp-content\/uploads\/2023\/06\/DSC_1745-2048x1536.jpg 2048w, http:\/\/www.chorwacki.com\/blog\/wp-content\/uploads\/2023\/06\/DSC_1745-850x638.jpg 850w\" sizes=\"(max-width: 1024px) 100vw, 1024px\" \/><\/figure>\n\n\n\n<h4 class=\"wp-block-heading\"><span class=\"ez-toc-section\" id=\"Stara_Baska\"><\/span><strong>Stara Ba\u0161ka<\/strong><span class=\"ez-toc-section-end\"><\/span><\/h4>\n\n\n\n<p>Tu\u017c obok Ba\u0161ki po\u0142o\u017cona jest Stara Ba\u0161ka. To niewielka wioska, nad kt\u00f3r\u0105 wznosi si\u0119 usytuowany na wzg\u00f3rzu ko\u015bci\u00f3\u0142ek wraz z otaczaj\u0105cym go cmentarzem. Trzeba przyzna\u0107, \u017ce jest to jeden z najpi\u0119kniej po\u0142o\u017conych cmentarzy, jaki mieli\u015bmy okazj\u0119 widzie\u0107. Rozpo\u015bcieraj\u0105ce si\u0119 z niego widoki na okalaj\u0105cy po\u0142o\u017cony w dole Adriatyk zapieraj\u0105 dech.<\/p>\n\n\n\n<figure class=\"wp-block-image\"><img decoding=\"async\" loading=\"lazy\" width=\"1024\" height=\"768\" src=\"http:\/\/www.chorwacki.com\/blog\/wp-content\/uploads\/2023\/06\/DSC_1743-1024x768.jpg\" alt=\"\" class=\"wp-image-2079\" srcset=\"http:\/\/www.chorwacki.com\/blog\/wp-content\/uploads\/2023\/06\/DSC_1743-1024x768.jpg 1024w, http:\/\/www.chorwacki.com\/blog\/wp-content\/uploads\/2023\/06\/DSC_1743-300x225.jpg 300w, http:\/\/www.chorwacki.com\/blog\/wp-content\/uploads\/2023\/06\/DSC_1743-768x576.jpg 768w, http:\/\/www.chorwacki.com\/blog\/wp-content\/uploads\/2023\/06\/DSC_1743-1536x1152.jpg 1536w, http:\/\/www.chorwacki.com\/blog\/wp-content\/uploads\/2023\/06\/DSC_1743-2048x1536.jpg 2048w, http:\/\/www.chorwacki.com\/blog\/wp-content\/uploads\/2023\/06\/DSC_1743-850x638.jpg 850w\" sizes=\"(max-width: 1024px) 100vw, 1024px\" \/><\/figure>\n\n\n\n<figure class=\"wp-block-image\"><a href=\"http:\/\/www.chorwacki.com\/blog\/wp-content\/uploads\/2023\/06\/DSC_1742-scaled.jpg\"><img decoding=\"async\" loading=\"lazy\" width=\"300\" height=\"225\" src=\"http:\/\/www.chorwacki.com\/blog\/wp-content\/uploads\/2023\/06\/DSC_1742-300x225.jpg\" alt=\"\" class=\"wp-image-2078\" srcset=\"http:\/\/www.chorwacki.com\/blog\/wp-content\/uploads\/2023\/06\/DSC_1742-300x225.jpg 300w, http:\/\/www.chorwacki.com\/blog\/wp-content\/uploads\/2023\/06\/DSC_1742-1024x768.jpg 1024w, http:\/\/www.chorwacki.com\/blog\/wp-content\/uploads\/2023\/06\/DSC_1742-768x576.jpg 768w, http:\/\/www.chorwacki.com\/blog\/wp-content\/uploads\/2023\/06\/DSC_1742-1536x1152.jpg 1536w, http:\/\/www.chorwacki.com\/blog\/wp-content\/uploads\/2023\/06\/DSC_1742-2048x1536.jpg 2048w, http:\/\/www.chorwacki.com\/blog\/wp-content\/uploads\/2023\/06\/DSC_1742-850x638.jpg 850w\" sizes=\"(max-width: 300px) 100vw, 300px\" \/><\/a><\/figure>\n\n\n\n<figure class=\"wp-block-image\"><a href=\"http:\/\/www.chorwacki.com\/blog\/wp-content\/uploads\/2023\/06\/DSC_1741-scaled.jpg\"><img decoding=\"async\" loading=\"lazy\" width=\"225\" height=\"300\" src=\"http:\/\/www.chorwacki.com\/blog\/wp-content\/uploads\/2023\/06\/DSC_1741-225x300.jpg\" alt=\"\" class=\"wp-image-2077\" srcset=\"http:\/\/www.chorwacki.com\/blog\/wp-content\/uploads\/2023\/06\/DSC_1741-225x300.jpg 225w, http:\/\/www.chorwacki.com\/blog\/wp-content\/uploads\/2023\/06\/DSC_1741-768x1024.jpg 768w, http:\/\/www.chorwacki.com\/blog\/wp-content\/uploads\/2023\/06\/DSC_1741-1152x1536.jpg 1152w, http:\/\/www.chorwacki.com\/blog\/wp-content\/uploads\/2023\/06\/DSC_1741-1536x2048.jpg 1536w, http:\/\/www.chorwacki.com\/blog\/wp-content\/uploads\/2023\/06\/DSC_1741-850x1133.jpg 850w, http:\/\/www.chorwacki.com\/blog\/wp-content\/uploads\/2023\/06\/DSC_1741-scaled.jpg 1920w\" sizes=\"(max-width: 225px) 100vw, 225px\" \/><\/a><\/figure>\n\n\n\n<figure class=\"wp-block-image\"><a href=\"http:\/\/www.chorwacki.com\/blog\/wp-content\/uploads\/2023\/06\/DSC_1740-scaled.jpg\"><img decoding=\"async\" loading=\"lazy\" width=\"300\" height=\"225\" src=\"http:\/\/www.chorwacki.com\/blog\/wp-content\/uploads\/2023\/06\/DSC_1740-300x225.jpg\" alt=\"\" class=\"wp-image-2076\" srcset=\"http:\/\/www.chorwacki.com\/blog\/wp-content\/uploads\/2023\/06\/DSC_1740-300x225.jpg 300w, http:\/\/www.chorwacki.com\/blog\/wp-content\/uploads\/2023\/06\/DSC_1740-1024x768.jpg 1024w, http:\/\/www.chorwacki.com\/blog\/wp-content\/uploads\/2023\/06\/DSC_1740-768x576.jpg 768w, http:\/\/www.chorwacki.com\/blog\/wp-content\/uploads\/2023\/06\/DSC_1740-1536x1152.jpg 1536w, http:\/\/www.chorwacki.com\/blog\/wp-content\/uploads\/2023\/06\/DSC_1740-2048x1536.jpg 2048w, http:\/\/www.chorwacki.com\/blog\/wp-content\/uploads\/2023\/06\/DSC_1740-850x638.jpg 850w\" sizes=\"(max-width: 300px) 100vw, 300px\" \/><\/a><\/figure>\n\n\n\n<p>Na cmentarzu znajdujemy te\u017c akcent polski. Tu\u017c przy wej\u015bciu umieszczona zosta\u0142a tablica z chorwackim t\u0142umaczeniem s\u0142\u00f3w Jana Paw\u0142a II:<\/p>\n\n\n\n<figure class=\"wp-block-image\"><img decoding=\"async\" loading=\"lazy\" width=\"1024\" height=\"768\" src=\"http:\/\/www.chorwacki.com\/blog\/wp-content\/uploads\/2023\/06\/DSC_1746-1024x768.jpg\" alt=\"\" class=\"wp-image-2082\" srcset=\"http:\/\/www.chorwacki.com\/blog\/wp-content\/uploads\/2023\/06\/DSC_1746-1024x768.jpg 1024w, http:\/\/www.chorwacki.com\/blog\/wp-content\/uploads\/2023\/06\/DSC_1746-300x225.jpg 300w, http:\/\/www.chorwacki.com\/blog\/wp-content\/uploads\/2023\/06\/DSC_1746-768x576.jpg 768w, http:\/\/www.chorwacki.com\/blog\/wp-content\/uploads\/2023\/06\/DSC_1746-1536x1152.jpg 1536w, http:\/\/www.chorwacki.com\/blog\/wp-content\/uploads\/2023\/06\/DSC_1746-2048x1536.jpg 2048w, http:\/\/www.chorwacki.com\/blog\/wp-content\/uploads\/2023\/06\/DSC_1746-850x638.jpg 850w\" sizes=\"(max-width: 1024px) 100vw, 1024px\" \/><\/figure>\n\n\n\n<h4 class=\"wp-block-heading\"><span class=\"ez-toc-section\" id=\"Jurandvor\"><\/span><strong>Jurandvor<\/strong><span class=\"ez-toc-section-end\"><\/span><\/h4>\n\n\n\n<p>Miejscowo\u015b\u0107 po\u0142o\u017cona w pobli\u017cu Ba\u0161ki, w kt\u00f3rej znajduje si\u0119 Ko\u015bci\u00f3\u0142 \u015bw. \u0141ucji. To tutaj przechowywana jest kopia <em>Tablicy z Ba\u0161ki <\/em>(Ba\u0161\u0107anskiej plo\u010dy) \u2013 jednego z najstarszych zabytk\u00f3w chorwackiego pisma g\u0142agolickiego. Orygina\u0142 tablicy odnaleziony zosta\u0142 pono\u0107 w\u0142a\u015bnie w tym ko\u015bciele pod koniec XIX w. Tablica ma 99,5 cm szeroko\u015bci, 199 cm d\u0142ugo\u015bci i grubo\u015b\u0107 mi\u0119dzy 7,5 cm (u do\u0142u) i 9 cm (na g\u00f3rze). Oryginalny zabytek zosta\u0142 umieszczony w zagrzebskiej Chorwackiej Akademii Nauki i Sztuki, na Krku za\u015b znajduje si\u0119 jego odlew. Drug\u0105 kopi\u0119 tego zabytku mo\u017cna obejrze\u0107 na terenie Parku Narodowego Brijuni, w kapliczce na wyspie Veliki Brijun.<\/p>\n\n\n\n<figure class=\"wp-block-image alignnone wp-image-4504 size-full\"><img decoding=\"async\" loading=\"lazy\" width=\"900\" height=\"509\" src=\"http:\/\/www.chorwacki.com\/blog\/wp-content\/uploads\/2023\/06\/Bascanska_ploca.jpg\" alt=\"zdj\u0119cie opublikowane na podst. licencji Creative Commons, pobrane z Wikipedii 3\/12\/2025\" class=\"wp-image-4504\" srcset=\"http:\/\/www.chorwacki.com\/blog\/wp-content\/uploads\/2023\/06\/Bascanska_ploca.jpg 900w, http:\/\/www.chorwacki.com\/blog\/wp-content\/uploads\/2023\/06\/Bascanska_ploca-300x170.jpg 300w, http:\/\/www.chorwacki.com\/blog\/wp-content\/uploads\/2023\/06\/Bascanska_ploca-768x434.jpg 768w\" sizes=\"(max-width: 900px) 100vw, 900px\" \/><figcaption class=\"wp-element-caption\">Domena publiczna, <a href=\"https:\/\/commons.wikimedia.org\/w\/index.php?curid=345763\">Link<\/a><\/figcaption><\/figure>\n\n\n\n<p>Ko\u015bci\u00f3\u0142ek w Jurandorze warto te\u017c odwiedzi\u0107 z uwagi na pi\u0119kny poliptyk \u015bwi\u0119tej \u0141ucji, zdobi\u0105cy o\u0142tarz, kt\u00f3ry stworzy\u0142 Paolo Veneziano oko\u0142o 1340 roku.<\/p>\n\n\n\n<div class=\"wp-block-media-text alignwide is-stacked-on-mobile\"><figure class=\"wp-block-media-text__media\"><img decoding=\"async\" loading=\"lazy\" width=\"800\" height=\"600\" src=\"https:\/\/www.chorwacki.com\/blog\/wp-content\/uploads\/2025\/12\/Poliptih_sv_Lucije_Jurandvor_Paolo_Veneziano_14092012_2_roberta_f.jpg\" alt=\"\" class=\"wp-image-4505 size-full\" srcset=\"http:\/\/www.chorwacki.com\/blog\/wp-content\/uploads\/2025\/12\/Poliptih_sv_Lucije_Jurandvor_Paolo_Veneziano_14092012_2_roberta_f.jpg 800w, http:\/\/www.chorwacki.com\/blog\/wp-content\/uploads\/2025\/12\/Poliptih_sv_Lucije_Jurandvor_Paolo_Veneziano_14092012_2_roberta_f-300x225.jpg 300w, http:\/\/www.chorwacki.com\/blog\/wp-content\/uploads\/2025\/12\/Poliptih_sv_Lucije_Jurandvor_Paolo_Veneziano_14092012_2_roberta_f-768x576.jpg 768w\" sizes=\"(max-width: 800px) 100vw, 800px\" \/><\/figure><div class=\"wp-block-media-text__content\">\n<p class=\"has-small-font-size\">Poliptyk to \u015bredniowieczny obraz o\u0142tarzowy sk\u0142adaj\u0105cy si\u0119 z wielu paneli, z centraln\u0105 scen\u0105 i pobocznymi skrzyd\u0142ami. Malowid\u0142o przedstawione na zdj\u0119ciu jest przyk\u0142adem sztuki religijnej, kt\u00f3rej g\u0142\u00f3wnym celem by\u0142o nauczanie i przybli\u017canie wiernym historii biblijnych oraz \u017cycia \u015bwi\u0119tych.<br>-Centralny panel: Centralny panel przedstawia sam\u0105 \u015awi\u0119t\u0105 \u0141ucj\u0119.<br>-Panele boczne: Sceny na panelach bocznych przedstawiaj\u0105 osiem epizod\u00f3w z jej \u017cycia.<br>-G\u00f3rne panele: G\u00f3rne panele przedstawiaj\u0105 Ukrzy\u017cowanie, Zwiastowanie i czterech \u015bwi\u0119tych.<\/p>\n\n\n\n<p class=\"has-small-font-size\">By Roberta F., <a href=\"https:\/\/creativecommons.org\/licenses\/by-sa\/3.0\">CC BY-SA 3.0<\/a>, <a href=\"https:\/\/commons.wikimedia.org\/w\/index.php?curid=21857532\">Link<\/a><\/p>\n<\/div><\/div>\n\n\n\n<h4 class=\"wp-block-heading\"><span class=\"ez-toc-section\" id=\"Jaskinia_Biserujka\"><\/span><strong>Jaskinia Biserujka<\/strong><span class=\"ez-toc-section-end\"><\/span><\/h4>\n\n\n\n<p>Niewielka jaskinia znajduj\u0105ca si\u0119 w pobli\u017cu miejscowo\u015bci Rudine w gminie Dobrinj. Jakinia ma 110 metr\u00f3w i obfituje w ciekawe formy skalne. Przez ca\u0142y rok panuje w niej sta\u0142a temperatura 15 stopni Celcjusza. Obiekt jest o\u015bwietlony i przystosowany do zwiedzania. Zwiedzanie jaskini zajmuje oko\u0142o p\u00f3\u0142 godziny.<\/p>\n\n\n\n<div class=\"wp-block-media-text alignwide is-stacked-on-mobile\"><figure class=\"wp-block-media-text__media\"><img decoding=\"async\" loading=\"lazy\" width=\"679\" height=\"1024\" src=\"https:\/\/www.chorwacki.com\/blog\/wp-content\/uploads\/2025\/12\/1024px-Dripstone_column_in_Biserujka_Cave_Dobrinj_Island_of_Krk-679x1024.jpg\" alt=\"\" class=\"wp-image-4506 size-full\" srcset=\"http:\/\/www.chorwacki.com\/blog\/wp-content\/uploads\/2025\/12\/1024px-Dripstone_column_in_Biserujka_Cave_Dobrinj_Island_of_Krk-679x1024.jpg 679w, http:\/\/www.chorwacki.com\/blog\/wp-content\/uploads\/2025\/12\/1024px-Dripstone_column_in_Biserujka_Cave_Dobrinj_Island_of_Krk-199x300.jpg 199w, http:\/\/www.chorwacki.com\/blog\/wp-content\/uploads\/2025\/12\/1024px-Dripstone_column_in_Biserujka_Cave_Dobrinj_Island_of_Krk-768x1158.jpg 768w, http:\/\/www.chorwacki.com\/blog\/wp-content\/uploads\/2025\/12\/1024px-Dripstone_column_in_Biserujka_Cave_Dobrinj_Island_of_Krk-1019x1536.jpg 1019w, http:\/\/www.chorwacki.com\/blog\/wp-content\/uploads\/2025\/12\/1024px-Dripstone_column_in_Biserujka_Cave_Dobrinj_Island_of_Krk.jpg 1024w\" sizes=\"(max-width: 679px) 100vw, 679px\" \/><\/figure><div class=\"wp-block-media-text__content\">\n<p><\/p>\n\n\n\n<p class=\"has-small-font-size\">Zdj\u0119cie przedstawia wn\u0119trze Jaskini Biserujka (\u0160pilja Biserujka), po\u0142o\u017conej na chorwackiej wyspie Krk.<\/p>\n\n\n\n<p class=\"has-small-font-size\">Jaskinia znana jest z bogatej szaty naciekowej, w tym stalaktyt\u00f3w, stalagmit\u00f3w i kolumn.<br>Nazwa &#8222;Biserujka&#8221; oznacza po chorwacku &#8222;per\u0142\u0119&#8221; i wywodzi si\u0119 z legendy o ukrytych skarbach pirat\u00f3w.<br>Ma oko\u0142o 110 metr\u00f3w d\u0142ugo\u015bci i jest w pe\u0142ni o\u015bwietlona oraz przystosowana dla zwiedzaj\u0105cych, ze sta\u0142\u0105 temperatur\u0105 oko\u0142o 15\u00b0C.<br>W jaskini znaleziono szcz\u0105tki nied\u017awiedzia jaskiniowego sprzed 16 tysi\u0119cy lat, a obecnie zamieszkuj\u0105 j\u0105 rzadkie gatunki zwierz\u0105t, w tym endemiczne chrz\u0105szcze i krewetki.<br>Stanowi wa\u017cne centrum edukacji ekologicznej i jest jedn\u0105 z najstarszych udost\u0119pnionych turystycznie jaski\u0144 w Chorwacji.<\/p>\n\n\n\n<p class=\"has-small-font-size\"><a href=\"https:\/\/commons.wikimedia.org\/wiki\/File:Dripstone_column_in_Biserujka_Cave,_Dobrinj,_Island_of_Krk.jpg\">Wolfgang Glock<\/a>, <a href=\"https:\/\/creativecommons.org\/licenses\/by\/3.0\">CC BY 3.0<\/a>, via Wikimedia Commons<\/p>\n<\/div><\/div>\n\n\n\n<p>Wi\u0119cej informacji o jaskini wraz z aktualnym cennikiem bilet\u00f3w mo\u017cna znale\u017a\u0107 <a href=\"http:\/\/www.spilja-biserujka.com.hr\/\">tutaj<\/a><\/p>\n\n\n\n<p>Wskazane, warte obejrzenia miejsca na Krku to zaledwie zal\u0105\u017cek tego, co mo\u017cna obejrze\u0107 na tej po\u0142o\u017conej stosunkowo blisko Polski wyspie. Podobnie jak niemal ca\u0142a Chorwacja, wyspa Krk i jej okolice to nieprzebrane \u017ar\u00f3d\u0142o inspiracji na wycieczki i prawdziwa skarbnica kulturowo-historycznych ciekawostek, o kt\u00f3rych z pewno\u015bci\u0105 jeszcze napiszemy.<\/p>\n\n\n\n<p>Zobacz r\u00f3wnie\u017c: <a href=\"http:\/\/www.chorwacki.com\/blog\/mrgari-unikatowe-owczarnie-na-wyspie-krk-i-prvic\/\">Mrgari &#8211; unikatowe owczarnie na wyspie Krk<\/a><\/p>\n","protected":false},"excerpt":{"rendered":"<p>Wyspa Krk po\u0142o\u017cona jest 30 kilometr\u00f3w od Rijeki i jest najwi\u0119ksz\u0105 wysp\u0105 Adriatyku. &nbsp;Na wysp\u0119 mo\u017cna wjecha\u0107 maj\u0105cym 1430 metr\u00f3w<\/p>\n","protected":false},"author":1,"featured_media":4508,"comment_status":"closed","ping_status":"open","sticky":false,"template":"","format":"standard","meta":[],"categories":[1603,1589,1803],"tags":[2168,2163,2173,2176,1713,2171,2169,1711,2162,2172,2175,2164,1712],"_links":{"self":[{"href":"http:\/\/www.chorwacki.com\/blog\/wp-json\/wp\/v2\/posts\/2060"}],"collection":[{"href":"http:\/\/www.chorwacki.com\/blog\/wp-json\/wp\/v2\/posts"}],"about":[{"href":"http:\/\/www.chorwacki.com\/blog\/wp-json\/wp\/v2\/types\/post"}],"author":[{"embeddable":true,"href":"http:\/\/www.chorwacki.com\/blog\/wp-json\/wp\/v2\/users\/1"}],"replies":[{"embeddable":true,"href":"http:\/\/www.chorwacki.com\/blog\/wp-json\/wp\/v2\/comments?post=2060"}],"version-history":[{"count":6,"href":"http:\/\/www.chorwacki.com\/blog\/wp-json\/wp\/v2\/posts\/2060\/revisions"}],"predecessor-version":[{"id":4510,"href":"http:\/\/www.chorwacki.com\/blog\/wp-json\/wp\/v2\/posts\/2060\/revisions\/4510"}],"wp:featuredmedia":[{"embeddable":true,"href":"http:\/\/www.chorwacki.com\/blog\/wp-json\/wp\/v2\/media\/4508"}],"wp:attachment":[{"href":"http:\/\/www.chorwacki.com\/blog\/wp-json\/wp\/v2\/media?parent=2060"}],"wp:term":[{"taxonomy":"category","embeddable":true,"href":"http:\/\/www.chorwacki.com\/blog\/wp-json\/wp\/v2\/categories?post=2060"},{"taxonomy":"post_tag","embeddable":true,"href":"http:\/\/www.chorwacki.com\/blog\/wp-json\/wp\/v2\/tags?post=2060"}],"curies":[{"name":"wp","href":"https:\/\/api.w.org\/{rel}","templated":true}]}}