{"id":2027,"date":"2023-06-23T07:29:25","date_gmt":"2023-06-23T07:29:25","guid":{"rendered":"http:\/\/www.chorwacki.com\/blog\/?p=2027"},"modified":"2026-03-25T16:53:43","modified_gmt":"2026-03-25T16:53:43","slug":"chorwacja-samochodem","status":"publish","type":"post","link":"http:\/\/www.chorwacki.com\/blog\/chorwacja-samochodem\/","title":{"rendered":"Chorwacja samochodem &#8211; kt\u00f3r\u0105 tras\u0119 wybra\u0107?"},"content":{"rendered":"<div id=\"ez-toc-container\" class=\"ez-toc-v2_0_48 counter-hierarchy ez-toc-counter ez-toc-grey ez-toc-container-direction\">\n<div class=\"ez-toc-title-container\">\n<p class=\"ez-toc-title\">Spis Tre\u015bci<\/p>\n<span class=\"ez-toc-title-toggle\"><a href=\"#\" class=\"ez-toc-pull-right ez-toc-btn ez-toc-btn-xs ez-toc-btn-default ez-toc-toggle\" aria-label=\"ez-toc-toggle-icon-1\"><label for=\"item-69ee6d3d3707d\" aria-label=\"Table of Content\"><span style=\"display: flex;align-items: center;width: 35px;height: 30px;justify-content: center;direction:ltr;\"><svg style=\"fill: #999;color:#999\" xmlns=\"http:\/\/www.w3.org\/2000\/svg\" class=\"list-377408\" width=\"20px\" height=\"20px\" viewBox=\"0 0 24 24\" fill=\"none\"><path d=\"M6 6H4v2h2V6zm14 0H8v2h12V6zM4 11h2v2H4v-2zm16 0H8v2h12v-2zM4 16h2v2H4v-2zm16 0H8v2h12v-2z\" fill=\"currentColor\"><\/path><\/svg><svg style=\"fill: #999;color:#999\" class=\"arrow-unsorted-368013\" xmlns=\"http:\/\/www.w3.org\/2000\/svg\" width=\"10px\" height=\"10px\" viewBox=\"0 0 24 24\" version=\"1.2\" baseProfile=\"tiny\"><path d=\"M18.2 9.3l-6.2-6.3-6.2 6.3c-.2.2-.3.4-.3.7s.1.5.3.7c.2.2.4.3.7.3h11c.3 0 .5-.1.7-.3.2-.2.3-.5.3-.7s-.1-.5-.3-.7zM5.8 14.7l6.2 6.3 6.2-6.3c.2-.2.3-.5.3-.7s-.1-.5-.3-.7c-.2-.2-.4-.3-.7-.3h-11c-.3 0-.5.1-.7.3-.2.2-.3.5-.3.7s.1.5.3.7z\"\/><\/svg><\/span><\/label><input  type=\"checkbox\" id=\"item-69ee6d3d3707d\"><\/a><\/span><\/div>\n<nav><ul class='ez-toc-list ez-toc-list-level-1 ' ><li class='ez-toc-page-1 ez-toc-heading-level-2'><a class=\"ez-toc-link ez-toc-heading-1\" href=\"http:\/\/www.chorwacki.com\/blog\/chorwacja-samochodem\/#Samochod_czy_samolot\" title=\"Samoch\u00f3d, czy samolot?\">Samoch\u00f3d, czy samolot?<\/a><\/li><li class='ez-toc-page-1 ez-toc-heading-level-2'><a class=\"ez-toc-link ez-toc-heading-2\" href=\"http:\/\/www.chorwacki.com\/blog\/chorwacja-samochodem\/#Jedziemy_do_Chorwacji_samochodem\" title=\"Jedziemy do Chorwacji samochodem\">Jedziemy do Chorwacji samochodem<\/a><\/li><li class='ez-toc-page-1 ez-toc-heading-level-2'><a class=\"ez-toc-link ez-toc-heading-3\" href=\"http:\/\/www.chorwacki.com\/blog\/chorwacja-samochodem\/#Ogolne_zalozenia\" title=\"Og\u00f3lne za\u0142o\u017cenia\">Og\u00f3lne za\u0142o\u017cenia<\/a><\/li><li class='ez-toc-page-1 ez-toc-heading-level-2'><a class=\"ez-toc-link ez-toc-heading-4\" href=\"http:\/\/www.chorwacki.com\/blog\/chorwacja-samochodem\/#Czechy_%E2%80%93_Austria_%E2%80%93_Slowenia_%E2%80%93_Chorwacja\" title=\"Czechy &#8211; Austria &#8211; S\u0142owenia &#8211; Chorwacja\">Czechy &#8211; Austria &#8211; S\u0142owenia &#8211; Chorwacja<\/a><\/li><li class='ez-toc-page-1 ez-toc-heading-level-2'><a class=\"ez-toc-link ez-toc-heading-5\" href=\"http:\/\/www.chorwacki.com\/blog\/chorwacja-samochodem\/#Slowacja_%E2%80%93_Wegry_%E2%80%93_Chorwacja\" title=\"S\u0142owacja &#8211; W\u0119gry &#8211; Chorwacja\">S\u0142owacja &#8211; W\u0119gry &#8211; Chorwacja<\/a><\/li><li class='ez-toc-page-1 ez-toc-heading-level-2'><a class=\"ez-toc-link ez-toc-heading-6\" href=\"http:\/\/www.chorwacki.com\/blog\/chorwacja-samochodem\/#Slowacja-Austria-Slowenia-Chorwacja\" title=\"S\u0142owacja-Austria-S\u0142owenia-Chorwacja\">S\u0142owacja-Austria-S\u0142owenia-Chorwacja<\/a><\/li><li class='ez-toc-page-1 ez-toc-heading-level-2'><a class=\"ez-toc-link ez-toc-heading-7\" href=\"http:\/\/www.chorwacki.com\/blog\/chorwacja-samochodem\/#Winiety_i_oplaty_drogowe\" title=\"Winiety i op\u0142aty drogowe\">Winiety i op\u0142aty drogowe<\/a><ul class='ez-toc-list-level-3'><li class='ez-toc-heading-level-3'><a class=\"ez-toc-link ez-toc-heading-8\" href=\"http:\/\/www.chorwacki.com\/blog\/chorwacja-samochodem\/#Czechy\" title=\"Czechy\">Czechy<\/a><\/li><li class='ez-toc-page-1 ez-toc-heading-level-3'><a class=\"ez-toc-link ez-toc-heading-9\" href=\"http:\/\/www.chorwacki.com\/blog\/chorwacja-samochodem\/#Austria\" title=\"Austria\">Austria<\/a><\/li><li class='ez-toc-page-1 ez-toc-heading-level-3'><a class=\"ez-toc-link ez-toc-heading-10\" href=\"http:\/\/www.chorwacki.com\/blog\/chorwacja-samochodem\/#Slowenia\" title=\"S\u0142owenia\">S\u0142owenia<\/a><\/li><li class='ez-toc-page-1 ez-toc-heading-level-3'><a class=\"ez-toc-link ez-toc-heading-11\" href=\"http:\/\/www.chorwacki.com\/blog\/chorwacja-samochodem\/#Slowacja\" title=\"S\u0142owacja\">S\u0142owacja<\/a><\/li><li class='ez-toc-page-1 ez-toc-heading-level-3'><a class=\"ez-toc-link ez-toc-heading-12\" href=\"http:\/\/www.chorwacki.com\/blog\/chorwacja-samochodem\/#Wegry\" title=\"W\u0119gry\">W\u0119gry<\/a><\/li><li class='ez-toc-page-1 ez-toc-heading-level-3'><a class=\"ez-toc-link ez-toc-heading-13\" href=\"http:\/\/www.chorwacki.com\/blog\/chorwacja-samochodem\/#Chorwacja\" title=\"Chorwacja\">Chorwacja<\/a><\/li><\/ul><\/li><\/ul><\/nav><\/div>\n\n<h2 class=\"wp-block-heading\"><span class=\"ez-toc-section\" id=\"Samochod_czy_samolot\"><\/span>Samoch\u00f3d, czy samolot?<span class=\"ez-toc-section-end\"><\/span><\/h2>\n\n\n\n<p>Chorwacja wielu z nas kojarzy si\u0119 przede wszystkim ze zjawiskowym niepowtarzalnym wybrze\u017cem i wakacjami sp\u0119dzanymi na tym wybrze\u017cu. Wakacje z kolei najcz\u0119\u015bciej kojarz\u0105 si\u0119 nam z podr\u00f3\u017c\u0105 samolotem. Dlaczego? Poniewa\u017c lot z Krakowa do Splitu to nieca\u0142e 2 godziny, ta sama trasa pokonana samochodem wyd\u0142u\u017ca si\u0119 ju\u017c do godzin minimum dwunastu, czy dziesi\u0119ciu, je\u017celi wybierzemy Istri\u0119. Mimo tak zdecydowanej r\u00f3\u017cnicy jednak ogromna wi\u0119kszo\u015b\u0107 turyst\u00f3w dociera z Polski do Chorwacji w\u0142a\u015bnie samochodem. Uwa\u017cam, \u017ce przyczyn mo\u017ce by\u0107 kilka. <\/p>\n\n\n\n<p>Po pierwsze, je\u017celi do dw\u00f3ch godzin w samolocie doliczymy dwie na lotnisku potrzebne na odpraw\u0119, czas potrzebny na odebranie baga\u017cy i transfer z lotniska, czas potrzebny na dotarcie na lotnisko pocz\u0105tkowe, zostawienie samochodu na parkingu i dotarcie z niego do terminala, to mo\u017ce si\u0119 okaza\u0107, \u017ce z dw\u00f3ch godzin zrobi nam si\u0119 ich nawet siedem i zysk czasowy ju\u017c nie jest a\u017c tak atrakcyjny jak si\u0119 na pocz\u0105tku wydawa\u0142o.<\/p>\n\n\n\n<p>Drugim powodem mo\u017ce by\u0107 fakt, \u017ce chorwackie wybrze\u017ce, to nie to samo, co obserwujemy w wi\u0119kszo\u015bci wakacyjnych destynacji. Zdecydowanie mniej jest tu ogromnych hoteli, do kt\u00f3rych mog\u0142yby kwaterowa\u0107 swoich go\u015bci wielkie biura podr\u00f3\u017cy. Dlatego te\u017c swoje samoloty wol\u0105 wys\u0142a\u0107 do W\u0142och, Egiptu czy Hiszpanii, gdzie \u0142atwiej jest znale\u017a\u0107 miejsce gwarantuj\u0105ce le\u017cak, parasol i drinki z parasolk\u0105 dla pe\u0142nego samolotu turyst\u00f3w.<\/p>\n\n\n\n<p>Trzeci, chyba najwa\u017cniejszy pow\u00f3d dla kt\u00f3rego wybieramy samoch\u00f3d, to wolno\u015b\u0107, kt\u00f3r\u0105 nam zapewnia. Na wakacje wyje\u017cd\u017camy w ten dzie\u0144, kt\u00f3ry nam, pasuje i wracamy wtedy kiedy chcemy wr\u00f3ci\u0107. Nikt nam nie narzuca, \u017ce nasz wypoczynek musi trwa\u0107 siedem dni lub czterna\u015bcie. Po drodze cz\u0119sto decydujemy si\u0119 na dodatkowe zwiedzanie interesuj\u0105cych miejsc, a wyb\u00f3r jest spory: Wiede\u0144, Graz, Budapeszt, Zagrzeb czy Plitvice. Wyb\u00f3r jest spory, zale\u017cny troch\u0119 od wybranej trasy, ale ogranicza nas tylko wyobra\u017ania, czas kt\u00f3ry chcemy po\u015bwi\u0119ci\u0107 no i mo\u017ce troch\u0119 pieni\u0105dze. Jad\u0105c samochodem jeste\u015bmy praktycznie nieograniczeni w por\u00f3wnaniu z samolotem w zakresie zabieranego ze sob\u0105 baga\u017cu i jego r\u00f3\u017cnorodno\u015bci, ponadto nikt nam nie ka\u017ce wyla\u0107 wody bo jest w zbyt du\u017cej butelce. W ko\u0144cu, b\u0119d\u0105c ju\u017c na miejscu nie jeste\u015bmy skazani na absurdalnie drogie we wszystkich wakacyjnych destynacjach wypo\u017cyczalnie samochod\u00f3w, bo np. fajnie by\u0142oby zwiedzi\u0107 pobliskie miasteczko lub taras widokowy na zboczu g\u00f3ry. Generalnie maj\u0105c do dyspozycji samoch\u00f3d mamy nieograniczon\u0105 swobod\u0119 przemieszczania si\u0119, zwiedzania, zakup\u00f3w, odwiedzania najpi\u0119kniejszych lub mniej obleganych pla\u017c, kt\u00f3re nie zawsze s\u0105 blisko i o ile nie musicie korzysta\u0107 z samochodu bo go macie, to ju\u017c jego brak z pewno\u015bci\u0105 odczujecie.<\/p>\n\n\n\n<h2 class=\"wp-block-heading\"><span class=\"ez-toc-section\" id=\"Jedziemy_do_Chorwacji_samochodem\"><\/span>Jedziemy do Chorwacji samochodem<span class=\"ez-toc-section-end\"><\/span><\/h2>\n\n\n\n<p>Je\u017celi wybieracie samoch\u00f3d jako spos\u00f3b dotarcia do Chorwacji, czeka Was sporo przygotowa\u0144 i kilka decyzji do podj\u0119cia. Pierwsz\u0105 i najwa\u017cniejsz\u0105 decyzj\u0105 b\u0119dzie wyb\u00f3r trasy. Za ni\u0105 p\u00f3jd\u0105 kolejne decyzje do podj\u0119cia, jak jazda &#8222;na raz&#8221;, b\u0105d\u017a z noclegiem, jazda w dzie\u0144 lub w nocy, w weekend czy te\u017c w \u015brodku tygodnia. Spr\u00f3bujemy si\u0119 tutaj podzieli\u0107 nasz\u0105 wiedz\u0105 na ten temat. Nasze kilkunastoletnie do\u015bwiadczenie w podr\u00f3\u017cowaniu do Chorwacji samochodem daje nam chyba o wiele wi\u0119ksz\u0105 legitymacj\u0119 do podj\u0119cia takiego wyzwania ni\u017c wiele przypadk\u00f3w, z kt\u00f3rymi w Internecie cz\u0119sto si\u0119 spotykamy. Zapraszam zatem do lektury. By\u0107 mo\u017ce b\u0119dzie chaotyczna, ale ilo\u015b\u0107 zagadnie\u0144 jest spora, wi\u0119c z g\u00f3ry prosimy o wybaczenie.<\/p>\n\n\n\n<p>Wyb\u00f3r trasy cz\u0119sto determinuje jej punkt pocz\u0105tkowy i docelowy. Je\u017celi jedziemy na Istri\u0119, warto rozwa\u017cy\u0107 wykupienie s\u0142owe\u0144skiej winiety i podr\u00f3\u017c przez Lubljan\u0119 z omini\u0119ciem chorwackich autostrad. Nie rozwa\u017camy wtedy wersji podr\u00f3\u017cy przez W\u0119gry. W przeciwnym wypadku warto omin\u0105\u0107 s\u0142owe\u0144skie autostrady, a wszystkie opcje trasy s\u0105 dla nas otwarte. Podobnie ma si\u0119 rzecz z pocz\u0105tkiem trasy. Mieszka\u0144cy Szczecina, Koszalina czy generalnie zachodniego pasa przygranicznego z pewno\u015bci\u0105 pojad\u0105 przez Prag\u0119 i na pewno rozwa\u017c\u0105 niemieckie autostrady jako alternatyw\u0119 dla naszej sieci drogowej. Mieszka\u0144cy Lublina i Rzeszowa wybior\u0105 si\u0119 przez Koszyce na S\u0142owacji i Budapeszt, natomiast ca\u0142a reszta Polak\u00f3w przekroczy granic\u0119 w Cieszynie (ju\u017c teraz coraz rzadziej), Ostrawie lub Zwardoniu, ewentualnie w Cha\u0142upkach. Szacujemy, \u017ce zdecydowana wi\u0119kszo\u015b\u0107 podr\u00f3\u017cuj\u0105cych do Chorwacji samochodem pojedzie na po\u0142udnie tego kraju a granic\u0119 Polski przekroczy w Ostrawie (trasa przez Czechy i Austri\u0119) lub Zwardoniu (S\u0142owacja, W\u0119gry).<\/p>\n\n\n\n<h2 class=\"wp-block-heading\"><span class=\"ez-toc-section\" id=\"Ogolne_zalozenia\"><\/span>Og\u00f3lne za\u0142o\u017cenia<span class=\"ez-toc-section-end\"><\/span><\/h2>\n\n\n\n<p>Og\u00f3lne za\u0142o\u017cenia s\u0105 bardzo skromne. Dla zobrazowania dost\u0119pnych tras za punkt pocz\u0105tkowy przyj\u0119li\u015bmy Katowice, bo w zasadzie w okolicach Katowic b\u0119d\u0105 si\u0119 rozdziela\u0142y trasy prowadz\u0105ce przez Czechy lub S\u0142owacj\u0119. Punktem ko\u0144cowym jest dla nas Karlovac, bo tutaj ju\u017c s\u0105 po\u0142\u0105czone wszystkie trasy (z ewentualnymi ich wariacjami, np. omijaj\u0105cymi Lu\u010dko). Tutaj te\u017c mo\u017cemy podj\u0105\u0107 kolejne decyzje co do trasy (autostrada lub trasa przez Plitvice), kt\u00f3re b\u0119d\u0105 zupe\u0142nie odr\u0119bnymi decyzjami, bez zwi\u0105zku z tras\u0105 dojazdu.<\/p>\n\n\n\n<p>Kursy walut u\u017cyte do przeliczenia cen winiet pochodz\u0105 z dnia 27.06.2023<\/p>\n\n\n\n<h2 class=\"wp-block-heading\"><span class=\"ez-toc-section\" id=\"Czechy_%E2%80%93_Austria_%E2%80%93_Slowenia_%E2%80%93_Chorwacja\"><\/span>Czechy &#8211; Austria &#8211; S\u0142owenia &#8211; Chorwacja<span class=\"ez-toc-section-end\"><\/span><\/h2>\n\n\n\n<p>Jest to pierwsza podpowiadana przez mapy Google trasa, dlatego jako pierwsz\u0105 j\u0105 rozwiniemy. Wed\u0142ug Google trasa liczy 791 km powinna zaj\u0105\u0107 nam 7,5 &#8211; 10,5 godz. (bez odpoczynk\u00f3w). Zrzut mapy na zdj\u0119ciu pochodzi ze strony <a rel=\"noreferrer noopener\" href=\"https:\/\/pl.mapy.cz\/zakladni?x=18.8112666&amp;y=52.1669813&amp;z=8\" data-type=\"URL\" data-id=\"https:\/\/pl.mapy.cz\/zakladni?x=18.8112666&amp;y=52.1669813&amp;z=8\" target=\"_blank\">mapy.cz<\/a> &#8211; bardzo fajna alternatywa dla map google, pozwala np. na wy\u0142\u0105czenie dr\u00f3g p\u0142atnych w ka\u017cdym mijanym kraju z osobna.<\/p>\n\n\n\n<div class=\"wp-block-media-text alignwide is-stacked-on-mobile\" style=\"grid-template-columns:77% auto\"><figure class=\"wp-block-media-text__media\"><img decoding=\"async\" loading=\"lazy\" width=\"901\" height=\"833\" src=\"http:\/\/www.chorwacki.com\/blog\/wp-content\/uploads\/2023\/06\/image.png\" alt=\"\" class=\"wp-image-2177 size-full\" srcset=\"http:\/\/www.chorwacki.com\/blog\/wp-content\/uploads\/2023\/06\/image.png 901w, http:\/\/www.chorwacki.com\/blog\/wp-content\/uploads\/2023\/06\/image-300x277.png 300w, http:\/\/www.chorwacki.com\/blog\/wp-content\/uploads\/2023\/06\/image-768x710.png 768w, http:\/\/www.chorwacki.com\/blog\/wp-content\/uploads\/2023\/06\/image-850x786.png 850w\" sizes=\"(max-width: 901px) 100vw, 901px\" \/><\/figure><div class=\"wp-block-media-text__content\">\n<p>\u0179r\u00f3d\u0142o: &#8222;Mapy.com&#8221;. Zrzut ekranu opublikowany na podst. licencji Creative Commons 4.0 (<a rel=\"noreferrer noopener\" href=\"https:\/\/creativecommons.org\/licenses\/by-sa\/4.0\/deed.pl\" data-type=\"URL\" data-id=\"https:\/\/creativecommons.org\/licenses\/by-sa\/4.0\/deed.pl\" target=\"_blank\">CC-BY-SA 4.0<\/a>)<br>Prawa autorskie: <\/p>\n\n\n\n<p><a rel=\"noreferrer noopener\" href=\"https:\/\/creativecommons.org\/licenses\/by-sa\/4.0\/deed.pl\" data-type=\"URL\" data-id=\"https:\/\/creativecommons.org\/licenses\/by-sa\/4.0\/deed.pl\" target=\"_blank\"><img decoding=\"async\" loading=\"lazy\" width=\"3619\" height=\"733\" class=\"wp-image-4703\" style=\"width: 150px;\" src=\"http:\/\/www.chorwacki.com\/blog\/wp-content\/uploads\/2023\/06\/seznam-cz-logo-rgb.png\" alt=\"\" srcset=\"http:\/\/www.chorwacki.com\/blog\/wp-content\/uploads\/2023\/06\/seznam-cz-logo-rgb.png 3619w, http:\/\/www.chorwacki.com\/blog\/wp-content\/uploads\/2023\/06\/seznam-cz-logo-rgb-300x61.png 300w, http:\/\/www.chorwacki.com\/blog\/wp-content\/uploads\/2023\/06\/seznam-cz-logo-rgb-1024x207.png 1024w, http:\/\/www.chorwacki.com\/blog\/wp-content\/uploads\/2023\/06\/seznam-cz-logo-rgb-768x156.png 768w, http:\/\/www.chorwacki.com\/blog\/wp-content\/uploads\/2023\/06\/seznam-cz-logo-rgb-1536x311.png 1536w, http:\/\/www.chorwacki.com\/blog\/wp-content\/uploads\/2023\/06\/seznam-cz-logo-rgb-2048x415.png 2048w\" sizes=\"(max-width: 3619px) 100vw, 3619px\" \/><\/a><\/p>\n<\/div><\/div>\n\n\n\n<p>Jad\u0105c t\u0105 tras\u0105 z Katowic kierujemy si\u0119 autostrad\u0105 A4 w kierunku Wroc\u0142awia, ale ju\u017c w Gliwicach odbijamy na po\u0142udnie i autostrad\u0105 A1 zmierzamy w kierunku Ostrawy. Nast\u0119pnie mijamy Brno, Wiede\u0144, Graz, Maribor, Zagrzeb i doje\u017cd\u017camy do punktu docelowego.<\/p>\n\n\n\n<p>W naszej opinii ta trasa jest najciekawsza krajobrazowo, jest zdecydowanie najszybsza, nie jest jednak pozbawiona wad. Po pierwsze jest najdro\u017csza (o cenach jeszcze za chwil\u0119). Po drugie, chyba w ciemno, bez zagl\u0105dania w mapy mo\u017cemy za\u0142o\u017cy\u0107, \u017ce zar\u00f3wno w Czechach jak i w Austrii napotkamy jaki\u015b remont. Do Chorwacji samochodem je\u017adzimy od 2006 roku, praktycznie co roku. Wi\u0119kszo\u015b\u0107 z tych wyjazd\u00f3w, w\u0142a\u015bnie t\u0105 tras\u0105 i szczerze nie pami\u0119tam takiej sytuacji, \u017ceby w Austrii nie by\u0142o \u017cadnego remontu. W Czechach wygl\u0105da zdecydowanie lepiej, ale jak ju\u017c remont jest, to stoimy cz\u0119sto w korku, kt\u00f3ry niech\u0119tnie przesuwa si\u0119 do przodu. Austriacy swoje remonty organizuj\u0105 tak, aby\u015bmy w korku nie stali, co najwy\u017cej przeje\u017cd\u017camy kilkana\u015bcie kilometr\u00f3w z szybko\u015bci\u0105 ograniczon\u0105 do 70 km\/h. Trzeci\u0105 wad\u0105, ale i zalet\u0105 jest przejazd przez Wiede\u0144 &#8211; mo\u017cna si\u0119 skusi\u0107 na zwiedzanie (z obwodnicy zbyt wiele nie wida\u0107), ale jak wiedziemy do Wiednia w godzinach szczytu, to pr\u0119dko go nie opu\u015bcimy.<\/p>\n\n\n\n<p>Jad\u0105c t\u0105 tras\u0105, naj\u0142atwiej jest o mandat za przekroczenie szybko\u015bci. Zag\u0119szczenie fotoradar\u00f3w i odcinkowych pomiar\u00f3w pr\u0119dko\u015bci w Austrii jest zdecydowanie najwi\u0119ksze ze wszystkich kraj\u00f3w, kt\u00f3re miniemy, a zdj\u0119cia najcz\u0119\u015bciej s\u0105 robione z ty\u0142u. Poza tym nie ma praktycznie \u017cadnej tolerancji &#8211; je\u017celi ograniczenie jest do 70 km\/h, to nawet nie pr\u00f3bujcie jecha\u0107 72 km\/h, bo to zdaniem austriackiej policji zas\u0142uguje na surow\u0105 kar\u0119. Zreszt\u0105 austriacka policja ma o wiele wi\u0119cej powod\u00f3w, \u017ceby nam surow\u0105 kar\u0119 wymierzy\u0107. <\/p>\n\n\n\n<p>Surowo zabronione jest: korzystanie ze wszelkich urz\u0105dze\u0144 rejestruj\u0105cych obraz przed lub za pojazdem. <\/p>\n\n\n\n<p>Zakazane zosta\u0142o: korzystanie z CB Radia jak te\u017c posiadanie w samochodzie pod\u0142\u0105czonego i gotowego do u\u017cycia zestawu umo\u017cliwiaj\u0105cego takowe dzia\u0142anie.<\/p>\n\n\n\n<p>W \u017cadnym wypadku nie wolno pod gro\u017ab\u0105 surowej kary korzysta\u0107 z jakichkolwiek urz\u0105dze\u0144 i aplikacji ostrzegaj\u0105cych przed fotoradarami i kontrolami pr\u0119dko\u015bci. Za takow\u0105 aplikacj\u0119 mo\u017ce zosta\u0107 uznana nawigacja samochodowa, je\u017celi w czasie kontroli oka\u017ce si\u0119, \u017ce ta jej funkcja nie zosta\u0142a dezaktywowana.<\/p>\n\n\n\n<p>Wyb\u00f3r tej trasy wi\u0105\u017ce si\u0119 z konieczno\u015bci\u0105 zakupu czeskiej, austriackiej i s\u0142owe\u0144skiej winiety, a tak\u017ce z op\u0142atami za autostrady chorwackie uiszczanymi na bramkach. Koszt winiet i spos\u00f3b ich zakupu przybli\u017cymy na ko\u0144cu artyku\u0142u.<\/p>\n\n\n\n<h2 class=\"wp-block-heading\"><span class=\"ez-toc-section\" id=\"Slowacja_%E2%80%93_Wegry_%E2%80%93_Chorwacja\"><\/span>S\u0142owacja &#8211; W\u0119gry &#8211; Chorwacja<span class=\"ez-toc-section-end\"><\/span><\/h2>\n\n\n\n<p>Ta trasa zgodnie z informacjami podawanymi przez Google jest o 2 km kr\u00f3tsza od poprzedniej, ale z uwagi na d\u0142u\u017csze fragmenty przeje\u017cd\u017cane poza sieci\u0105 autostrad i dr\u00f3g ekspresowych zajmie nam odrobi\u0119 wi\u0119cej czasu. Google utrzymuje, \u017ce b\u0119dzie to pomi\u0119dzy 8 a 11,5 godziny (bez odpoczynk\u00f3w). Je\u017celi na W\u0119grzech wybierzemy opcj\u0119 wzd\u0142u\u017c Balatonu czas i odleg\u0142o\u015b\u0107 wzro\u015bnie jeszcze bardziej. Z kolei wyb\u00f3r drogi ekspresowej M86 do Szombathely (jak na naszej mapce) wi\u0105\u017ce si\u0119 z do\u015b\u0107 sporym odcinkiem przeje\u017cd\u017canym przez w\u0119gierskie wsie, latem wsp\u00f3\u0142dzielonym z ci\u0105gnikami i kombajnami. Miniemy te\u017c sporo zalesionych teren\u00f3w (jad\u0105c ju\u017c drogami krajowymi), gdzie w porze nocnej podobno rowy a\u017c mieni\u0105 si\u0119 od oczu zwierz\u0105t szukaj\u0105cych samochodu, przed kt\u00f3rym na pewno zd\u0105\u017c\u0105 przebiec na drug\u0105 stron\u0119 ulicy. Wygodna dwupasmowa droga ko\u0144czy si\u0119 na W\u0119grzech wraz z osi\u0105gni\u0119ciem Szombathely. P\u00f3\u017aniej b\u0119dziemy jechali drogami krajowymi, a autostrad\u0119 zobaczymy dopiero 15 kilometr\u00f3w przed granic\u0105 chorwack\u0105.<\/p>\n\n\n\n<div class=\"wp-block-media-text alignwide is-stacked-on-mobile\" style=\"grid-template-columns:83% auto\"><figure class=\"wp-block-media-text__media\"><img decoding=\"async\" loading=\"lazy\" width=\"752\" height=\"759\" src=\"http:\/\/www.chorwacki.com\/blog\/wp-content\/uploads\/2023\/06\/image-1.png\" alt=\"\" class=\"wp-image-2202 size-full\" srcset=\"http:\/\/www.chorwacki.com\/blog\/wp-content\/uploads\/2023\/06\/image-1.png 752w, http:\/\/www.chorwacki.com\/blog\/wp-content\/uploads\/2023\/06\/image-1-297x300.png 297w, http:\/\/www.chorwacki.com\/blog\/wp-content\/uploads\/2023\/06\/image-1-150x150.png 150w, http:\/\/www.chorwacki.com\/blog\/wp-content\/uploads\/2023\/06\/image-1-75x75.png 75w\" sizes=\"(max-width: 752px) 100vw, 752px\" \/><\/figure><div class=\"wp-block-media-text__content\">\n<p>\u0179r\u00f3d\u0142o: &#8222;Mapy.com&#8221;. Zrzut ekranu opublikowany na podst. licencji Creative Commons 4.0 (<a rel=\"noreferrer noopener\" href=\"https:\/\/creativecommons.org\/licenses\/by-sa\/4.0\/deed.pl\" data-type=\"URL\" data-id=\"https:\/\/creativecommons.org\/licenses\/by-sa\/4.0\/deed.pl\" target=\"_blank\">CC-BY-SA 4.0<\/a>)<br>Prawa autorskie: <\/p>\n\n\n\n<p><a rel=\"noreferrer noopener\" href=\"https:\/\/creativecommons.org\/licenses\/by-sa\/4.0\/deed.pl\" data-type=\"URL\" data-id=\"https:\/\/creativecommons.org\/licenses\/by-sa\/4.0\/deed.pl\" target=\"_blank\"><img decoding=\"async\" loading=\"lazy\" width=\"3619\" height=\"733\" class=\"wp-image-4703\" style=\"width: 150px;\" src=\"http:\/\/www.chorwacki.com\/blog\/wp-content\/uploads\/2023\/06\/seznam-cz-logo-rgb.png\" alt=\"\" srcset=\"http:\/\/www.chorwacki.com\/blog\/wp-content\/uploads\/2023\/06\/seznam-cz-logo-rgb.png 3619w, http:\/\/www.chorwacki.com\/blog\/wp-content\/uploads\/2023\/06\/seznam-cz-logo-rgb-300x61.png 300w, http:\/\/www.chorwacki.com\/blog\/wp-content\/uploads\/2023\/06\/seznam-cz-logo-rgb-1024x207.png 1024w, http:\/\/www.chorwacki.com\/blog\/wp-content\/uploads\/2023\/06\/seznam-cz-logo-rgb-768x156.png 768w, http:\/\/www.chorwacki.com\/blog\/wp-content\/uploads\/2023\/06\/seznam-cz-logo-rgb-1536x311.png 1536w, http:\/\/www.chorwacki.com\/blog\/wp-content\/uploads\/2023\/06\/seznam-cz-logo-rgb-2048x415.png 2048w\" sizes=\"(max-width: 3619px) 100vw, 3619px\" \/><\/a><\/p>\n<\/div><\/div>\n\n\n\n<p>Jad\u0105c z Katowic kierujemy si\u0119 do Bielska-Bia\u0142ej, nast\u0119pnie mijamy \u017bywiec, Zwardo\u0144, \u017bylin\u0119, Bratys\u0142aw\u0119. Po mini\u0119ciu Bratys\u0142awy musimy zachowa\u0107 ostro\u017cno\u015b\u0107. Zdarza si\u0119 tam bowiem, \u017ce nawigacja wytyczy nam lepsz\u0105 tras\u0119 przez Wiede\u0144. <\/p>\n\n\n\n<iframe src=\"https:\/\/www.google.com\/maps\/embed?pb=!4v1774456603120!6m8!1m7!1sKRy6UxdN9Vi6eMJHisB8Cg!2m2!1d48.07879526785321!2d17.10081832909589!3f173.12!4f2.2099999999999937!5f0.7820865974627469\" width=\"800\" height=\"600\" style=\"border:0;\" allowfullscreen=\"\" loading=\"lazy\" referrerpolicy=\"no-referrer-when-downgrade\"><\/iframe>\n\n\n\n<p>Je\u017celi za namow\u0105 nawigacji w tym miejscu pojedziemy w prawo, to za jakie\u015b 500 metr\u00f3w b\u0119dziemy musieli zatrzyma\u0107 si\u0119 na przej\u015bciu granicznym w celu zakupienia austriackiej winiety. Za to w\u0119gierska nam przepadnie. Nie ma ju\u017c mo\u017cliwo\u015bci zawr\u00f3cenia ani zjechania z autostrady, kt\u00f3r\u0105 wjedziemy do Austrii. Wklejam link do mapy z miejscem, o kt\u00f3rym m\u00f3wi\u0119 w celu przybli\u017cenia problemu. Warto po prostu by\u0107 ostro\u017cnym, trzyma\u0107 si\u0119 lewej strony za stacj\u0105 OMV, by\u0107 mo\u017ce wpisa\u0107 sobie punkt po\u015bredni do nawigacji.  <a href=\"https:\/\/www.google.pl\/maps\/@48.084731,17.0997425,336a,35y,171.75h,68.62t\/data=!3m1!1e3?entry=ttu\" data-type=\"URL\" data-id=\"https:\/\/www.google.pl\/maps\/@48.084731,17.0997425,336a,35y,171.75h,68.62t\/data=!3m1!1e3?entry=ttu\" target=\"_blank\" rel=\"noreferrer noopener\">Mapa !!!<\/a><\/p>\n\n\n\n<p>Z podobnym problemem mo\u017cecie si\u0119 zreszt\u0105 spotka\u0107 przy doje\u017adzie do granicy w\u0119giersko-chorwackiej jad\u0105c od strony  Szombathely. Tam po mini\u0119ciu Lenti nawigacja mo\u017ce pr\u00f3bowa\u0107 skierowa\u0107 Was na s\u0142owe\u0144skie drogi szybkiego ruchu.<\/p>\n\n\n\n<p>Je\u017celi ju\u017c szcz\u0119\u015bliwie i we w\u0142a\u015bciwym kierunku miniemy Bratys\u0142aw\u0119 kierujemy si\u0119 na Budapeszt, ale na wysoko\u015bci miejscowo\u015bci Gyor opuszczamy autostrad\u0119 na rzecz drogi ekspresowej prowadz\u0105cej nas do Szombathely. P\u00f3\u017aniej mijamy Lenti, Letenye i wje\u017cd\u017camy do Chorwacji kieruj\u0105c si\u0119 na Zagrzeb i Karlovac.<\/p>\n\n\n\n<p>Trasa w naszym odczuciu jest bardzo przyjemna i \u0142adna widokowo na odcinku od Bielska-Bia\u0142ej po Bratys\u0142aw\u0119. P\u00f3\u017aniej, na w\u0119gierskim odcinku, staje si\u0119 nudna i monotonna, by przej\u015b\u0107 we wr\u0119cz irytuj\u0105c\u0105 po dotarciu do w\u0119gierskich wsi. Chorwackie autostrady pozwol\u0105 nam z powrotem z\u0142apa\u0107 oddech dzi\u0119ki ich doskona\u0142ej jako\u015bci, dobrze zorganizowanej infrastrukturze i mi\u0142ym dla oka zielonym zalesionym wzg\u00f3rzom mijanym w tej cz\u0119\u015bci Chorwacji. Po drodze, na korki mo\u017cemy liczy\u0107 na odcinku pomi\u0119dzy Pszczyn\u0105 a Czechowicami (wybrane dni i godziny), p\u00f3\u017aniej mog\u0105, cho\u0107 nie musz\u0105 zdarzy\u0107 si\u0119 w \u017bylinie i Bratys\u0142awie. Na koniec punkt poboru op\u0142at Lu\u010dko ko\u0142o Zagrzebia, ale ten akurat fragment czeka nas niezale\u017cnie od wybranej trasy.<\/p>\n\n\n\n<p>Jad\u0105c tras\u0105 przez S\u0142owacj\u0119 i W\u0119gry musimy wykupi\u0107, jak si\u0119 \u0142atwo domy\u015bli\u0107, s\u0142owackie i w\u0119gierskie winiety. W Chorwacji za autostrady p\u0142acimy na bramkach.<\/p>\n\n\n\n<h2 class=\"wp-block-heading\"><span class=\"ez-toc-section\" id=\"Slowacja-Austria-Slowenia-Chorwacja\"><\/span>S\u0142owacja-Austria-S\u0142owenia-Chorwacja<span class=\"ez-toc-section-end\"><\/span><\/h2>\n\n\n\n<p>Jest to wariant trasy \u0142\u0105cz\u0105cy w jedn\u0105 ca\u0142o\u015b\u0107 poprzednio omawiane trasy. W zasadzie mo\u017cna j\u0105 traktowa\u0107 na r\u00f3wni z nimi, bo o ile jest najgorsza z przedstawionych, to mo\u017cna bra\u0107 j\u0105 pod uwag\u0119 i nierzadko jest wykorzystywana w planowaniu podr\u00f3\u017cy.<\/p>\n\n\n\n<div class=\"wp-block-media-text alignwide is-stacked-on-mobile\" style=\"grid-template-columns:80% auto\"><figure class=\"wp-block-media-text__media\"><img decoding=\"async\" loading=\"lazy\" width=\"771\" height=\"812\" src=\"http:\/\/www.chorwacki.com\/blog\/wp-content\/uploads\/2023\/08\/obraz_2023-08-07_181911944.png\" alt=\"\" class=\"wp-image-2806 size-full\" srcset=\"http:\/\/www.chorwacki.com\/blog\/wp-content\/uploads\/2023\/08\/obraz_2023-08-07_181911944.png 771w, http:\/\/www.chorwacki.com\/blog\/wp-content\/uploads\/2023\/08\/obraz_2023-08-07_181911944-285x300.png 285w, http:\/\/www.chorwacki.com\/blog\/wp-content\/uploads\/2023\/08\/obraz_2023-08-07_181911944-768x809.png 768w\" sizes=\"(max-width: 771px) 100vw, 771px\" \/><\/figure><div class=\"wp-block-media-text__content\">\n<p>\u0179r\u00f3d\u0142o: &#8222;Mapy.com&#8221;. Zrzut ekranu opublikowany na podst. licencji Creative Commons 4.0 (<a rel=\"noreferrer noopener\" href=\"https:\/\/creativecommons.org\/licenses\/by-sa\/4.0\/deed.pl\" data-type=\"URL\" data-id=\"https:\/\/creativecommons.org\/licenses\/by-sa\/4.0\/deed.pl\" target=\"_blank\">CC-BY-SA 4.0<\/a>)<br>Prawa autorskie: <\/p>\n\n\n\n<p><a rel=\"noreferrer noopener\" href=\"https:\/\/creativecommons.org\/licenses\/by-sa\/4.0\/deed.pl\" data-type=\"URL\" data-id=\"https:\/\/creativecommons.org\/licenses\/by-sa\/4.0\/deed.pl\" target=\"_blank\"><img decoding=\"async\" loading=\"lazy\" width=\"3619\" height=\"733\" class=\"wp-image-4703\" style=\"width: 150px;\" src=\"http:\/\/www.chorwacki.com\/blog\/wp-content\/uploads\/2023\/06\/seznam-cz-logo-rgb.png\" alt=\"\" srcset=\"http:\/\/www.chorwacki.com\/blog\/wp-content\/uploads\/2023\/06\/seznam-cz-logo-rgb.png 3619w, http:\/\/www.chorwacki.com\/blog\/wp-content\/uploads\/2023\/06\/seznam-cz-logo-rgb-300x61.png 300w, http:\/\/www.chorwacki.com\/blog\/wp-content\/uploads\/2023\/06\/seznam-cz-logo-rgb-1024x207.png 1024w, http:\/\/www.chorwacki.com\/blog\/wp-content\/uploads\/2023\/06\/seznam-cz-logo-rgb-768x156.png 768w, http:\/\/www.chorwacki.com\/blog\/wp-content\/uploads\/2023\/06\/seznam-cz-logo-rgb-1536x311.png 1536w, http:\/\/www.chorwacki.com\/blog\/wp-content\/uploads\/2023\/06\/seznam-cz-logo-rgb-2048x415.png 2048w\" sizes=\"(max-width: 3619px) 100vw, 3619px\" \/><\/a><\/p>\n<\/div><\/div>\n\n\n\n<p>Trasa w zasadzie ma same wady &#8211; jest najd\u0142u\u017csza, najwolniejsza i niewiele ta\u0144sza od trasy Czechy-Austria, mimo to warto mie\u0107 z ty\u0142u g\u0142owy tak\u0105 alternatyw\u0119. My na przyk\u0142ad nie przepadamy za bardzo monotonn\u0105 naszym zdaniem tras\u0105 przez W\u0119gry, natomiast wolimy jecha\u0107 przez S\u0142owacj\u0119 ni\u017c przez Czechy, dlatego czasami korzystamy z takiego rozwi\u0105zania. By\u0107 mo\u017ce aktualna sytuacja remontowa w jednym czy drugim kraju mocno nadwyr\u0119\u017cy sens jechania tamt\u0119dy &#8211; wtedy te\u017c warto tak\u0105 alternatyw\u0119 rozwa\u017cy\u0107. Na ca\u0142ej trasie stracimy ok. godziny czasu w por\u00f3wnaniu z najszybsz\u0105 tras\u0105, ale wystarczy, \u017ce punkt startowy przesunie si\u0119 nieco na wsch\u00f3d Polski np. do Krakowa i sytuacja si\u0119 zmieni.<br>Pocz\u0105tek trasy jest identyczny jak w przypadku trasy przez S\u0142owacj\u0119 i W\u0119gry. Jedziemy identycznie a\u017c do Bratys\u0142awy &#8211; tam kierujemy si\u0119 na Wiede\u0144. Jad\u0105c od strony Bratys\u0142awy Wiednia nie zobaczymy nawet z daleka (takiego prawdziwego), ale je\u017celi przyjedziemy tam w godzinach oko\u0142o-szczytowych to mo\u017cemy poczu\u0107 jego korki, poniewa\u017c b\u0119dziemy korzystali z mocno obleganej obwodnicy S1. Po mini\u0119ciu Wiednia dalsza cz\u0119\u015b\u0107 podr\u00f3\u017cy minie wg wskaz\u00f3wek z pierwszej trasy. Wiede\u0144 mo\u017cna ca\u0142kowicie omin\u0105\u0107 wyznaczaj\u0105c sobie punkt po\u015bredni w pobli\u017cu jeziora Neusiedler See (po jego zachodniej stronie). Cz\u0119\u015b\u0107 trasy prowadzi drogami krajowymi, cz\u0119\u015b\u0107 dwupasowymi drogami ekspresowymi. Jedzie si\u0119 ca\u0142kiem przyjemnie, bez stania w korkach. Czasowo powinno by\u0107 nieznaczne kr\u00f3cej ni\u017c autostrad\u0105, a w godzinach szczytu znacznie kr\u00f3cej.<br>Trasa wymaga od nas winiety S\u0142owackiej, Austriackiej i S\u0142owe\u0144skiej.<\/p>\n\n\n\n<p><\/p>\n\n\n\n<h2 class=\"wp-block-heading\"><span class=\"ez-toc-section\" id=\"Winiety_i_oplaty_drogowe\"><\/span>Winiety i op\u0142aty drogowe<span class=\"ez-toc-section-end\"><\/span><\/h2>\n\n\n\n<p>Wszystkie ceny podajemy w lokalnej walucie i przeliczamy na z\u0142ot\u00f3wki po kursie z dnia 27 czerwca 2023. Op\u0142aty dotycz\u0105 przejazdu samochodem osobowym bez przyczepy. <\/p>\n\n\n\n<p>We wszystkich mijanych krajach obj\u0119tych winietowym systemem op\u0142at mamy mo\u017cliwo\u015b\u0107 zakupu winiet online &#8211; wygodny wcze\u015bniejszy zakup winiet w zaciszu domowym, bez zb\u0119dnego tracenia czasu w kolejkach i konieczno\u015bci zatrzymywania si\u0119 wy\u0142\u0105cznie w celu zakupu winiety. Niemniej, je\u017celi nie zrobimy tego wcze\u015bniej nic nie stoi na przeszkodzie, aby dokona\u0107 tego po drodze, korzystaj\u0105c z telefonu kom\u00f3rkowego, ale trzeba pami\u0119ta\u0107, \u017ce wi\u0105\u017ce si\u0119 to z konieczno\u015bci\u0105 wpisywania informacji o samochodzie, rejestrowania si\u0119, wpisywania numeru karty itd. w ka\u017cdym kraju osobno. Dla nas jest to stres, wi\u0119c robimy to wcze\u015bniej. Poza tym wolimy u\u017cywa\u0107 klawiatury ni\u017c ekranu dotykowego, kt\u00f3ry chyba w pewnym wieku zaczyna by\u0107 dla cz\u0142owieka z\u0142o\u015bliwy. Zostaje jeszcze opcja tradycyjnego zakupu winiety np. na stacji benzynowej. Kiedy S\u0142owacja jako pierwsza wprowadza\u0142a w swoim kraju e-winiety, na stacjach benzynowych pojawi\u0142y si\u0119 &#8222;winietomaty&#8221; &#8211; wygl\u0105dem przypomina\u0142y dzisiejsze automaty do parkowania. Z klawiatury wpisywali\u015bmy numer rejestracyjny pojazdu, wybierali\u015bmy interesuj\u0105c\u0105 nas winiet\u0119, przyk\u0142adali\u015bmy kart\u0119 i sprawa za\u0142atwiona. Poniewa\u017c ostatnio na S\u0142owacji nie zatrzymywali\u015bmy si\u0119 na \u017cadnej stacji benzynowej trudno jest nam powiedzie\u0107, czy nadal s\u0105 tam te maszyny, ale zak\u0142adamy, \u017ce tak bo niby dlaczego mia\u0142yby znikn\u0105\u0107. Tak czy inaczej jaki\u015b spos\u00f3b zap\u0142acenia bez u\u017cywania Internetu musi istnie\u0107. Wsz\u0119dzie.<\/p>\n\n\n\n<h3 class=\"wp-block-heading\"><span class=\"ez-toc-section\" id=\"Czechy\"><\/span>Czechy<span class=\"ez-toc-section-end\"><\/span><\/h3>\n\n\n\n<p>Winiet\u0119 na Czechy mo\u017cemy naby\u0107 wcze\u015bniej  w sklepie internetowym lub ju\u017c w trakcie podr\u00f3\u017cy w plac\u00f3wkach czeskiej poczty i na stacjach benzynowych EuroOil. Ponadto zakupu mo\u017cna dokona\u0107 w terminalach samoobs\u0142ugowych rozmieszczonych w wielu miejscach zw\u0142aszcza w regionach przygranicznych i w okolicach wjazd\u00f3w na p\u0142atne odcinki dr\u00f3g. <a rel=\"noreferrer noopener\" href=\"https:\/\/edalnice.cz\/pl\/jak-ja-kupic\/index.html#\/kiosk\" data-type=\"URL\" data-id=\"https:\/\/edalnice.cz\/pl\/jak-ja-kupic\/index.html#\/kiosk\" target=\"_blank\">Tutaj (e-dalnice.cz)<\/a> macie stron\u0119 z interaktywn\u0105 map\u0105, na kt\u00f3rej pokazane s\u0105 wszystkie punkty sprzedaj\u0105ce czeskie winiety. Przy okazji, b\u0119d\u0105c na stronie mo\u017cecie kupi\u0107 winiet\u0119 online &#8222;prosto od producenta&#8221;, najtaniej, bez \u017cadnych po\u015brednik\u00f3w. Warto wiedzie\u0107, \u017ce wje\u017cd\u017caj\u0105c do Czech nasz\u0105 autostrad\u0105 A1, czyli w okolicach Ostrawy &#8211; mo\u017cemy \u015bmia\u0142o jecha\u0107 bez winiety do pierwszej stacji benzynowej lub dalej &#8211; odcinek autostrady a\u017c do Ostrawy jest zwolniony z op\u0142at. <\/p>\n\n\n\n<p>Dziesi\u0119ciodniowa winieta kosztuje 310 CZK, czyli <strong>59 PLN<\/strong>, winieta 30-dniowa to koszt w wysoko\u015bci 440 CZK co daje niespe\u0142na <strong>84 PLN<\/strong>.<\/p>\n\n\n\n<p>Kupuj\u0105c winiety online upewnijcie si\u0119, \u017ce kupujecie bezpo\u015brednio u operatora dr\u00f3g. Bardzo \u0142atwo trafi\u0107 na strony po\u015brednik\u00f3w, kt\u00f3rzy oferuj\u0105 ten sam produkt w znacznie wy\u017cszej cenie. Niewielkim zyskiem mo\u017ce by\u0107 mo\u017cliwo\u015b\u0107 jednokrotnego wype\u0142niania formularzy dla zakupu wszystkich winiet jednocze\u015bnie. Nie sprawdzali\u015bmy dok\u0142adnie, ale ju\u017c na samych czeskich winietach zap\u0142acimy ok. 40 z\u0142 wi\u0119cej, wi\u0119c naszym zdaniem dosy\u0107 drogo kto\u015b sprzedaje nam zaoszcz\u0119dzone 10 minut czasu po\u015bwi\u0119conego na wype\u0142nienie kilku p\u00f3l w formularzu.<\/p>\n\n\n\n<h3 class=\"wp-block-heading\"><span class=\"ez-toc-section\" id=\"Austria\"><\/span>Austria<span class=\"ez-toc-section-end\"><\/span><\/h3>\n\n\n\n<p>Austriack\u0105 winiet\u0119 kupimy bezpo\u015brednio na stronach <a rel=\"noreferrer noopener\" href=\"https:\/\/shop.asfinag.at\/pl\/\" data-type=\"URL\" data-id=\"https:\/\/shop.asfinag.at\/pl\/\" target=\"_blank\">ASFiNAG <\/a>&#8211; zarz\u0105dcy austriackiej sieci dr\u00f3g i autostrad (mo\u017cna na t\u0119 stron\u0119 przej\u015b\u0107 bezpo\u015brednio ze strony czeskiego odpowiednika). Dziesi\u0119ciodniowa winieta to koszt 9,90 EUR czyli <strong>45 PLN<\/strong>. Winieta 2-miesi\u0119czna b\u0119dzie nas kosztowa\u0142a 29 EUR  co daje <strong>130 PLN.<\/strong> Przy zakupie austriackich winiet nale\u017cy wzi\u0105\u0107 pod uwag\u0119 fakt, \u017ce:<\/p>\n\n\n\n<ul>\n<li>Kupuj\u0105c online winiet\u0119 elektroniczn\u0105, konsumenci maj\u0105 prawo do odst\u0105pienia od zakupu. Dlatego produkt jest wa\u017cny&nbsp;<strong>dopiero od 18 dnia po zakupie<\/strong>.<\/li>\n\n\n\n<li>W&nbsp;przypadku przedsi\u0119biorc\u00f3w prawo do odst\u0105pienia nie obowi\u0105zuje, a&nbsp;z winiety elektronicznej mo\u017cna korzysta\u0107 od razu.<\/li>\n<\/ul>\n\n\n\n<p>Nic natomiast nie stoi na przeszkodzie i z tego co wiem jest to powszechn\u0105 praktyk\u0105 (my te\u017c tak robili\u015bmy), \u017ce nawet nie b\u0119d\u0105c przedsi\u0119biorc\u0105 zaznaczamy w formularzu, \u017ce jeste\u015bmy przedsi\u0119biorcami i winiet\u0119 mamy aktywn\u0105 od kiedy chcemy. Jedynym mankamentem jest brak mo\u017cliwo\u015bci zwrotu tak zakupionej winiety. <\/p>\n\n\n\n<p>W przypadku braku winiety elektronicznej mo\u017cemy w dalszym ci\u0105gu kupi\u0107 nalepk\u0119 na szyb\u0119 w ponad 6 tys. punkt\u00f3w rozsianych w Austrii i poza jej granicami. Pami\u0119ta\u0107 nale\u017cy, \u017ce poza granicami Austrii zawsze jest dro\u017cej. Polecam interaktywn\u0105 <a rel=\"noreferrer noopener\" href=\"https:\/\/www.asfinag.at\/en\/toll\/sales-outlets\/\" data-type=\"URL\" data-id=\"https:\/\/www.asfinag.at\/en\/toll\/sales-outlets\/\" target=\"_blank\">map\u0119<\/a>, na kt\u00f3rej znajdziemy wszystkie punkty, w kt\u00f3rych winiety mo\u017cna kupi\u0107. Wed\u0142ug niej, za Mikulovem, tu\u017c po przekroczeniu granicy austriackiej bez problemu kupimy winiet\u0119 w doskonale widocznym 24-godzinnym sklepie Roadhouse Route B7 Kramer.<\/p>\n\n\n\n<iframe src=\"https:\/\/www.google.com\/maps\/embed?pb=!4v1774457179001!6m8!1m7!1sajkEMSNnFLDp6suk0MXlXA!2m2!1d48.7804325292159!2d16.63990725582245!3f175.71866495439954!4f-3.3569559285479613!5f0.7820865974627469\" width=\"600\" height=\"450\" style=\"border:0;\" allowfullscreen=\"\" loading=\"lazy\" referrerpolicy=\"no-referrer-when-downgrade\"><\/iframe>\n\n\n\n<h3 class=\"wp-block-heading\"><span class=\"ez-toc-section\" id=\"Slowenia\"><\/span>S\u0142owenia<span class=\"ez-toc-section-end\"><\/span><\/h3>\n\n\n\n<p>S\u0142owe\u0144skie winiety budz\u0105 spore emocje od momentu ich wprowadzenia. Wynika to z faktu, \u017ce koszt przejazdu s\u0142owe\u0144skimi autostradami ustalono w momencie ich wprowadzenia w wysoko\u015bci 15 euro za 7 dni, natomiast sie\u0107 s\u0142owe\u0144skich autostrad dla podr\u00f3\u017cuj\u0105cych do Chorwacji z Austrii (czyli Austriak\u00f3w, Polak\u00f3w, Czech\u00f3w, Niemc\u00f3w i sporej cz\u0119\u015bci S\u0142owak\u00f3w) zaczyna\u0142a si\u0119 za przej\u015bciem granicznym, a ko\u0144czy\u0142a w Mariborze, co daje niespe\u0142na 17 kilometr\u00f3w wed\u0142ug map Google. Przed wprowadzeniem winiet, w S\u0142owenii obowi\u0105zywa\u0142 system op\u0142at na bramkach, zgodnie z kt\u00f3rym za rzeczony odcinek p\u0142aci\u0142o si\u0119, z tego co pami\u0119tamy, ok. 80 eurocent\u00f3w, co by\u0142o chyba cen\u0105 uczciw\u0105, natomiast 15 euro za 17 km budzi\u0142o kontrowersje. W p\u00f3\u017aniejszych latach autostrada by\u0142a sukcesywnie wyd\u0142u\u017cana, aby w ko\u0144cu dotrze\u0107 do przej\u015bcia granicznego w miejscowo\u015bci Macelj, przez ca\u0142y ten czas oferuj\u0105c podr\u00f3\u017cnym korki spowodowane rozbudow\u0105 autostrady i zatykaj\u0105cym si\u0119 przej\u015bciem granicznym. Alternatyw\u0105 by\u0142 objazd drogami lokalnymi, kt\u00f3ry teoretycznie trwa\u0142 30-40 minut d\u0142u\u017cej, w praktyce w okresie wakacyjnym, zw\u0142aszcza w soboty cz\u0119ste by\u0142y przypadki kilkugodzinnych postoj\u00f3w w kolejce do granicy na rzeczonej autostradzie.<\/p>\n\n\n\n<p>Aktualnie winieta s\u0142owe\u0144ska kosztuje 16 EUR za 7 dni, co daje <strong>72 PLN <\/strong>lub 32 EUR za miesi\u0105c, co daje <strong>143 PLN. <\/strong>Warto z tej oferty skorzysta\u0107, je\u017celi jedziemy na Istri\u0119, natomiast jad\u0105c przez Zagrzeb, cena jest naszym zdaniem w dalszym ci\u0105gu mocno przeszacowana i nieg\u0142upim rozwi\u0105zaniem jest objazd autostrady &#8211; nieskomplikowany, ale czasowo troch\u0119 nad\u0142o\u017cymy. Obecnie, kiedy nie mo\u017cemy korzysta\u0107 z przej\u015bcia w Macelj, nie maj\u0105c wykupionej s\u0142owe\u0144skiej winiety przejazd przez S\u0142oweni\u0119 bokiem zajmie nam dwie godziny czasu, podczas gdy autostrada to zaledwie 40 minut. Tak sprawa wygl\u0105da przy obje\u017cd\u017caniu tras\u0105 przez Mureck, Lenart, Ptuj, Cvetlin. Objazd darmowymi drogami przez Maribor to zaledwie 40 minut wi\u0119cej, ale musimy po drodze pokona\u0107 rondo Pesnica, co do kt\u00f3rego zdania s\u0105 podzielone. Jedni twierdz\u0105, \u017ce jest w\u0142\u0105czone w sie\u0107 dr\u00f3g p\u0142atnych inni, \u017ce nie. Nie wiemy, nie je\u017adzili\u015bmy tamt\u0119dy, nie wypowiadamy si\u0119.<\/p>\n\n\n\n<p>Osobom zainteresowanym przejechaniem S\u0142owenii z pomini\u0119ciem p\u0142atnych autostrad dedykujemy osobny wpis:<\/p>\n\n\n\n<div class=\"wp-block-buttons is-layout-flex\">\n<div class=\"wp-block-button\"><a class=\"wp-block-button__link wp-element-button\" href=\"http:\/\/www.chorwacki.com\/blog\/objazd-autostrady-slowenia\/\">Objazd autostrady w S\u0142owenii<\/a><\/div>\n<\/div>\n\n\n\n<p><\/p>\n\n\n\n<h3 class=\"wp-block-heading\"><span class=\"ez-toc-section\" id=\"Slowacja\"><\/span>S\u0142owacja<span class=\"ez-toc-section-end\"><\/span><\/h3>\n\n\n\n<p>S\u0142owack\u0105 winiet\u0119 wygodnie i bez po\u015brednik\u00f3w zakupimy na stronie elektronicznego systemu poboru i ewidencji zakupu winiet autostradowych w Republice S\u0142owackiej <a rel=\"noreferrer noopener\" href=\"https:\/\/eznamka.sk\/pl\" data-type=\"URL\" data-id=\"https:\/\/eznamka.sk\/pl\" target=\"_blank\">eZnamka<\/a>.<\/p>\n\n\n\n<p>Strona opr\u00f3cz zakupu winiety oferuje m.in, pobranie aplikacji mobilnej, kontrol\u0119 czasu wa\u017cno\u015bci zakupionych winiet, wyszukanie wygodnego dla nas punktu sprzedaj\u0105cego winiety, je\u017celi nie kupili\u015bmy jej on-line. Koszt winiety dla samochodu osobowego wynosi w przypadku S\u0142owacji 12 EUR za 10 dni, co daje <strong>53 PLN<\/strong> lub 17 EUR za 30 dni czyli <strong>75 PLN.<\/strong><\/p>\n\n\n\n<p>Jak wspominali\u015bmy na stronie mo\u017cemy wyszuka\u0107 punkty sprzedaj\u0105ce winiety i s\u0105 to zar\u00f3wno stacjonarne sklepy czy stacje benzynowe, jak te\u017c urz\u0105dzenia samoobs\u0142ugowe. <strong>Punkty sprzeda\u017cy<\/strong>&nbsp;<strong>oznaczone logiem \u201eezn\u00e1mka\u201c,<\/strong>&nbsp;zlokalizowane s\u0105 najcz\u0119\u015bciej na wybranych stacjach benzynowych na terytorium Republiki S\u0142owackiej i na przej\u015bciach granicznych przy wje\u017adzie do Republiki S\u0142owackiej. <strong>Urz\u0105dzenia samoobs\u0142ugowe<\/strong>&nbsp;s\u0105 zlokalizowane g\u0142\u00f3wnie na przej\u015bciach granicznych przy wje\u017adzie do Republiki S\u0142owackiej.&nbsp;<\/p>\n\n\n\n<h3 class=\"wp-block-heading\"><span class=\"ez-toc-section\" id=\"Wegry\"><\/span>W\u0119gry<span class=\"ez-toc-section-end\"><\/span><\/h3>\n\n\n\n<p>Podobnie jak w przypadku pozosta\u0142ych kraj\u00f3w, nie ma tutaj \u017cadnej filozofii. Winiet\u0119 najlepiej kupi\u0107 on-line na stronie <a rel=\"noreferrer noopener\" href=\"https:\/\/ematrica.nemzetiutdij.hu\/en\/vignette-purchase\/vehicle-data-vignette-selection\" data-type=\"URL\" data-id=\"https:\/\/ematrica.nemzetiutdij.hu\/en\/vignette-purchase\/vehicle-data-vignette-selection\" target=\"_blank\">E-Matrica<\/a>. Koszt winiety w\u0119gierskiej wynosi 5500 HUF za 10 dni &#8211; daje to <strong>64 PLN <\/strong>lub 8900 HUF za miesi\u0105c, co w przeliczeniu na z\u0142ot\u00f3wki daje <strong>104 PLN. <\/strong>Je\u017celi nie dokonacie zakupu winiety przez stron\u0119, mo\u017cecie to zrobi\u0107 na wi\u0119kszo\u015bci stacji benzynowych, lub na przej\u015bciu granicznym w jednym z wielu dost\u0119pnych tam punkt\u00f3w sprzeda\u017cy. <\/p>\n\n\n\n<h3 class=\"wp-block-heading\"><span class=\"ez-toc-section\" id=\"Chorwacja\"><\/span>Chorwacja<span class=\"ez-toc-section-end\"><\/span><\/h3>\n\n\n\n<p>Op\u0142aty za autostrady w Chorwacji dokonujemy wy\u0142\u0105cznie na bramkach, nie obowi\u0105zuje tam p\u00f3ki co system winietowy, cho\u0107 coraz cz\u0119\u015bciej s\u0142ycha\u0107, \u017ce Chorwacja na ten system przejdzie. Na chwil\u0119 obecn\u0105 jednak p\u0142acimy na bramkach i koszt przejazdu jest w oczywisty spos\u00f3b po\u0142\u0105czony z odleg\u0142o\u015bci\u0105, jak\u0105 pokonamy. Przyk\u0142adowo, je\u017celi na autostrad\u0119 wjedziemy przy w\u0119gierskiej granicy i b\u0119dziemy autostrad\u0105 podr\u00f3\u017cowali do Plo\u010de, to zap\u0142acimy w sumie 36,5 EUR (<strong>164 PLN). <\/strong>Zmieniaj\u0105c punkt pocz\u0105tkowy na granic\u0119 ze S\u0142oweni\u0105 (Macelj) zap\u0142acimy za autostrad\u0119 31,5 EUR czyli <strong>142 PLN.<\/strong> (<a rel=\"noreferrer noopener\" href=\"https:\/\/www.hac.hr\/hr\/interaktivna-karta\" data-type=\"URL\" data-id=\"https:\/\/www.hac.hr\/hr\/interaktivna-karta\" target=\"_blank\">Tutaj interaktywna mapa z mo\u017cliwo\u015bci\u0105 samodzielnego obliczenia kosztu podr\u00f3\u017cy<\/a>), <a href=\"https:\/\/www.hac.hr\/hr\/cestarina\/cjenik\/a1\" data-type=\"URL\" data-id=\"https:\/\/www.hac.hr\/hr\/cestarina\/cjenik\/a1\" target=\"_blank\" rel=\"noreferrer noopener\">Tutaj cennik w postaci tabeli<\/a>.<\/p>\n\n\n\n<p>Teoretycznie mo\u017cemy sobie koszty autostrady obni\u017cy\u0107 o ok. 20% decyduj\u0105c si\u0119 na zakup urz\u0105dzenia viaTOLL (wi\u0119cej na ten temat, jak i generalnie na temat chorwackich autostrad w naszym osobnym wpisie: <a rel=\"noreferrer noopener\" href=\"http:\/\/www.chorwacki.com\/blog\/siatka-chorwackich-autostrad-i-oplaty-w-sezonie-2023\/\" data-type=\"post\" data-id=\"2011\" target=\"_blank\">Siatka chorwackich autostrad i op\u0142aty w sezonie 2023<\/a>). Oszcz\u0119dno\u015b\u0107 jest teoretyczna, poniewa\u017c koszt samego urz\u0105dzenia wynosi ok 15 EUR i aby si\u0119 zwr\u00f3ci\u0142o musieliby\u015bmy si\u0119 wybra\u0107 do Chorwacji przynajmniej 2-3 krotnie, tymczasem system op\u0142at na bramkach prawdopodobnie b\u0119dzie obowi\u0105zywa\u0142 tylko do ko\u0144ca przysz\u0142ego roku. Napewno teoretyczna nie jest wygoda posiadania tego urz\u0105dzenia. Dzi\u0119ki niemu korzystamy ze specjalnych bramek, kt\u00f3re prawie zawsze s\u0105 puste, a to mo\u017ce oznacza\u0107 spor\u0105 oszcz\u0119dno\u015b\u0107 czasow\u0105 w ekstremalnych sytuacjach.<\/p>\n","protected":false},"excerpt":{"rendered":"<p>Samoch\u00f3d, czy samolot? Chorwacja wielu z nas kojarzy si\u0119 przede wszystkim ze zjawiskowym niepowtarzalnym wybrze\u017cem i wakacjami sp\u0119dzanymi na tym<\/p>\n","protected":false},"author":1,"featured_media":2205,"comment_status":"closed","ping_status":"open","sticky":false,"template":"","format":"standard","meta":[],"categories":[1596],"tags":[1698,1739,1697,1738,1735,1736,1737],"_links":{"self":[{"href":"http:\/\/www.chorwacki.com\/blog\/wp-json\/wp\/v2\/posts\/2027"}],"collection":[{"href":"http:\/\/www.chorwacki.com\/blog\/wp-json\/wp\/v2\/posts"}],"about":[{"href":"http:\/\/www.chorwacki.com\/blog\/wp-json\/wp\/v2\/types\/post"}],"author":[{"embeddable":true,"href":"http:\/\/www.chorwacki.com\/blog\/wp-json\/wp\/v2\/users\/1"}],"replies":[{"embeddable":true,"href":"http:\/\/www.chorwacki.com\/blog\/wp-json\/wp\/v2\/comments?post=2027"}],"version-history":[{"count":35,"href":"http:\/\/www.chorwacki.com\/blog\/wp-json\/wp\/v2\/posts\/2027\/revisions"}],"predecessor-version":[{"id":4708,"href":"http:\/\/www.chorwacki.com\/blog\/wp-json\/wp\/v2\/posts\/2027\/revisions\/4708"}],"wp:featuredmedia":[{"embeddable":true,"href":"http:\/\/www.chorwacki.com\/blog\/wp-json\/wp\/v2\/media\/2205"}],"wp:attachment":[{"href":"http:\/\/www.chorwacki.com\/blog\/wp-json\/wp\/v2\/media?parent=2027"}],"wp:term":[{"taxonomy":"category","embeddable":true,"href":"http:\/\/www.chorwacki.com\/blog\/wp-json\/wp\/v2\/categories?post=2027"},{"taxonomy":"post_tag","embeddable":true,"href":"http:\/\/www.chorwacki.com\/blog\/wp-json\/wp\/v2\/tags?post=2027"}],"curies":[{"name":"wp","href":"https:\/\/api.w.org\/{rel}","templated":true}]}}